{"id":100798,"date":"2026-03-25T19:59:54","date_gmt":"2026-03-25T19:59:54","guid":{"rendered":"https:\/\/jr1.com.br\/shopping\/2026\/03\/25\/loreal-professionnel-inoa-6-13-coloracao-permanente-60g\/"},"modified":"2026-03-25T19:59:54","modified_gmt":"2026-03-25T19:59:54","slug":"loreal-professionnel-inoa-6-13-coloracao-permanente-60g","status":"publish","type":"post","link":"https:\/\/jr1.com.br\/shopping\/2026\/03\/25\/loreal-professionnel-inoa-6-13-coloracao-permanente-60g\/","title":{"rendered":"L&#8217;Or\u00e9al Professionnel Inoa 6.13 &#8211; Colora\u00e7\u00e3o Permanente 60g"},"content":{"rendered":"<h2>Sa\u00fade e beleza > Cuidados pessoais > Cuidados com os cabelos > Tintura para cabelo<\/h2>\n<h3>O pre\u00e7o de L&#8217;Or\u00e9al Professionnel Inoa 6.13 &#8211; Colora\u00e7\u00e3o Permanente 60g no dia acima especificado era de <strong>R$ 46.90<\/strong>.<\/h3>\n<p>Confira o pre\u00e7o atual aqui: <a href=\"https:\/\/www.awin1.com\/pclick.php?p=40666770212&#038;a=690303&#038;m=62481\" rel=\"noopener sponsored\"><img decoding=\"async\" src=\"https:\/\/ui.awin.com\/images\/upload\/merchant\/profile\/62481.png\" alt=\"L'Or\u00e9al Professionnel Inoa 6.13 - Colora\u00e7\u00e3o Permanente 60g\" \/> &#8211; nas lojas Beleza na Web PRO BR<\/a><\/p>\n<p><img decoding=\"async\" src=\"https:\/\/res.cloudinary.com\/beleza-na-web\/image\/upload\/w_1500\/f_auto\/fl_progressive\/q_auto:best\/v1\/imagens\/product\/62812\/988c5981-133b-46b2-b0cf-a743b3486a6b-62812-loreal-inoa-6-13-coloracao-60g.png\" alt=\"L'Or\u00e9al Professionnel Inoa 6.13 - Colora\u00e7\u00e3o Permanente 60g\" \/><br \/>\nColora\u00e7\u00e3o permanente. L&#8217;Or\u00e9al Professionnel Inoa colore sem prejudicar o cabelo e o couro cabeludo, pois tem a tecnologia ODS\u00b2, sem Am\u00f4nia, \u00e0 base de \u00d3leos e oferece 100% cobertura dos fios brancos. A Colora\u00e7\u00e3o Permanente L&#8217;Or\u00e9al Professionnel Inoa possui uma f\u00f3rmula atual, que eleva a sua a\u00e7\u00e3o, entregando cores vibrantes e com longa dura\u00e7\u00e3o. O produto garante um resultado sem cheiro, confort\u00e1vel, com at\u00e9 6 semanas de nutri\u00e7\u00e3o profunda. Al\u00e9m disso, as madeixas recebem 50% mais brilho e at\u00e9 3 tons para cores vivas, oferecendo um cuidado de alto n\u00edvel para as clientes. A linha Inoa, de L&#8217;Or\u00e9al Professionnel , apresenta colora\u00e7\u00e3o permanente ideal para colorir sem agredir os fios e o couro cabeludo, gra\u00e7as \u00e0 sua tecnologia ODS\u00b2, sem am\u00f4nia e \u00e0 base de \u00f3leo. Sua f\u00f3rmula inovadora maximiza sua efic\u00e1cia, cobrindo at\u00e9 100% dos cabelos brancos, entregando cores vivas e duradouras, brilho intenso e maior nutri\u00e7\u00e3o para os fios. Eleve o n\u00edvel dos servi\u00e7os oferecidos no seu sal\u00e3o com a poderosa Colora\u00e7\u00e3o Permanente L&#8217;Or\u00e9al Professionnel Inoa e entregue resultados incr\u00edveis aos seus clientes, tornando-os ainda mais satisfeitos e confiantes com seus cabelos! Encontre aqui outros produtos L&#8217;Or\u00e9al Professionnel.<\/p>\n<h4>Aproveite e pesquise o pre\u00e7o deste produto em dezenas de lojas dos marketplaces abaixo:<\/h4>\n<p><a href=\"https:\/\/www.magazinevoce.com.br\/magazineezu\/busca\/L'Or\u00e9al Professionnel Inoa 6.13 - Colora\u00e7\u00e3o Permanente 60g\/\" target=\"_blank\" rel=\"noopener\"><img decoding=\"async\" src=\"https:\/\/mvc.mlcdn.com.br\/ad\/2503_superofertas.png\" alt=\"Pesquise no Magazine eZu\" \/> &#8211; da Parceria MAGALU<\/a>.<\/p>\n<p>Ainda n\u00e3o encontrou a melhor op\u00e7\u00e3o de compra? Oferecemos mais uma possibilidade de <strong>busca<\/strong> mais ampla para <a href=\"https:\/\/ecompare.com.br\/lojas\/resultados-da-pesquisa\/?q=L'Or\u00e9al Professionnel Inoa 6.13 - Colora\u00e7\u00e3o Permanente 60g#gsc.tab=0&amp;gsc.q=L'Or\u00e9al Professionnel Inoa 6.13 - Colora\u00e7\u00e3o Permanente 60g&amp;gsc.page=1\" target=\"_blank\" rel=\"noopener\">L&#8217;Or\u00e9al Professionnel Inoa 6.13 &#8211; Colora\u00e7\u00e3o Permanente 60g, clique e continue <strong>pesquisando&#8230;<\/strong><\/a><\/p>\n<hr \/>\n","protected":false},"excerpt":{"rendered":"<p>R$ 46.90 nas lojas <a href=\"https:\/\/www.awin1.com\/pclick.php?p=40666770212&#038;a=690303&#038;m=62481\" target=\"_blank\" rel=\"sponsored\">Beleza na Web PRO BR<\/a><\/p>\n","protected":false},"author":1,"featured_media":0,"comment_status":"closed","ping_status":"closed","sticky":false,"template":"","format":"standard","meta":{"footnotes":""},"categories":[2],"tags":[2180,2949],"class_list":["post-100798","post","type-post","status-publish","format-standard","hentry","category-produtos","tag-46-90","tag-beleza-na-web-pro-br"],"_links":{"self":[{"href":"https:\/\/jr1.com.br\/shopping\/wp-json\/wp\/v2\/posts\/100798","targetHints":{"allow":["GET"]}}],"collection":[{"href":"https:\/\/jr1.com.br\/shopping\/wp-json\/wp\/v2\/posts"}],"about":[{"href":"https:\/\/jr1.com.br\/shopping\/wp-json\/wp\/v2\/types\/post"}],"author":[{"embeddable":true,"href":"https:\/\/jr1.com.br\/shopping\/wp-json\/wp\/v2\/users\/1"}],"replies":[{"embeddable":true,"href":"https:\/\/jr1.com.br\/shopping\/wp-json\/wp\/v2\/comments?post=100798"}],"version-history":[{"count":0,"href":"https:\/\/jr1.com.br\/shopping\/wp-json\/wp\/v2\/posts\/100798\/revisions"}],"wp:attachment":[{"href":"https:\/\/jr1.com.br\/shopping\/wp-json\/wp\/v2\/media?parent=100798"}],"wp:term":[{"taxonomy":"category","embeddable":true,"href":"https:\/\/jr1.com.br\/shopping\/wp-json\/wp\/v2\/categories?post=100798"},{"taxonomy":"post_tag","embeddable":true,"href":"https:\/\/jr1.com.br\/shopping\/wp-json\/wp\/v2\/tags?post=100798"}],"curies":[{"name":"wp","href":"https:\/\/api.w.org\/{rel}","templated":true}]}}