{"id":10083,"date":"2025-08-26T05:34:18","date_gmt":"2025-08-26T05:34:18","guid":{"rendered":"https:\/\/jr1.com.br\/shopping\/2025\/08\/26\/guarda-roupa-2-portas-e-1-gavetas-em-madeira-macica-branco-nest-branco-carvalho-38605495800\/"},"modified":"2025-08-26T05:34:18","modified_gmt":"2025-08-26T05:34:18","slug":"guarda-roupa-2-portas-e-1-gavetas-em-madeira-macica-branco-nest-branco-carvalho-38605495800","status":"publish","type":"post","link":"https:\/\/jr1.com.br\/shopping\/2025\/08\/26\/guarda-roupa-2-portas-e-1-gavetas-em-madeira-macica-branco-nest-branco-carvalho-38605495800\/","title":{"rendered":"Guarda Roupa 2 Portas e 1 Gavetas em Madeira Maci\u00e7a Branco Nest Branco\/Carvalho &#8211; 38605495800"},"content":{"rendered":"<h2><\/h2>\n<h3>O pre\u00e7o de Guarda Roupa 2 Portas e 1 Gavetas em Madeira Maci\u00e7a Branco Nest Branco\/Carvalho no dia acima especificado era de <strong>R$ 1851.65<\/strong>.<\/h3>\n<p>Confira o pre\u00e7o atual aqui: <a href=\"https:\/\/www.casatema.com.br\/guarda-roupa-2-portas-e-1-gavetas-em-madeira-macica-branco-nest-branco-carvalho\/p?idsku=645560?utm_source=awin&#038;utm_medium=aff&#038;utm_campaign=690303&#038;utm_content=u1&#038;utm_term=&#038;sv1=affiliate&#038;sv_campaign_id=690303&#038;awc=64882_1747143695_604e9a136a087f3da65a6e07584fd7f3\" target=\"_blank\" rel=\"noopener sponsored\"><img decoding=\"async\" src=\"https:\/\/ui.awin.com\/images\/upload\/merchant\/profile\/100453.png\" alt=\"Guarda Roupa 2 Portas e 1 Gavetas em Madeira Maci\u00e7a Branco Nest Branco\/Carvalho\" \/> &#8211; nas lojas  Casa Tema BR<\/a><\/p>\n<p><img decoding=\"async\" src=\"https:\/\/casatema.vteximg.com.br\/arquivos\/ids\/883137_2\" alt=\"Guarda Roupa 2 Portas e 1 Gavetas em Madeira Maci\u00e7a Branco Nest Branco\/Carvalho\" \/><br \/>\nGuarda Roupa 2 Portas e 1 Gavetas em Madeira Maci\u00e7a Branco Nest Branco\/CarvalhoGuarda Roupa 2 Portas e 1 Gavetas em Madeira Maci\u00e7a Branco Nest Branco\/Carvalho. O arm\u00e1rio infantil da linha Frame, \u00e9 um m\u00f3vel ARTEMOBILI, produzido 100% em madeira maci\u00e7a de reflorestamento. Possui 02 portas e 01 gaveta, com puxadores met\u00e1licos, na cor ouro velho. Destaca-se pelo amplo espa\u00e7o para cabides.Caracter\u00edsticas:Cor: Branco\/CarvalhoPeso: 41 kgPossui Portas: 02Complexidade da Montagem: M\u00e9dia: pode ser montado por mais de uma pessoa e\/ou necessite de maior conhecimento para montagemSistema de Montagem: Parafusos, Cavilhas e MinifixNecessita Montagem: SimAltura: 165 cmLargura: 90 cmProfundidade: 55 cmTipo de Madeira Maci\u00e7a: PinusTipo de Puxador da Porta: ExternoMaterial Principal: Madeira Maci\u00e7aOrigem do Produto: NacionalTipo de Guarda-Roupa: InfantilGuarda-Roupa Suporta At\u00e9 (kg): 50 kgPossui Ganchos: N\u00e3oPossui Nichos: N\u00e3oTipo de Dobradi\u00e7a\/Corredi\u00e7a da Porta: Met\u00e1licaMaterial do Puxador da Porta: MetalGaveta com Chave: N\u00e3oTipo de Madeira Maci\u00e7a dos P\u00e9s: PinusItens Inclusos: 1 Arm\u00e1rio, Kit de Ferragens e 1 Manual de MontagemEscala de Brilho da Porta: FoscoCor do Produto: Branco\/CarvalhoCor Predominante: BrancoEscala de Brilho: Semi-BrilhoCor Interna: BrancoMaterial dos P\u00e9s: Madeira Maci\u00e7aTipo de Porta: BaterAcabamento dos P\u00e9s: PinturaPossui P\u00e9s: 04Sapatas Niveladoras: N\u00e3oPossui Prateleiras: N\u00e3oTipo de Madeira Maci\u00e7a da Porta: PinusMaterial da Porta: Madeira Maci\u00e7aAcabamento da Porta: Pintura UVSuporta At\u00e9 (kg): 50 kgTipo de Madeira Maci\u00e7a da Gaveta: PinusGarantia: 03 mesesAmbiente Principal: Quarto InfantilMaterial da Gaveta: Madeira Maci\u00e7aPossui Gavetas: 01Acabamento da Gaveta: Pintura UVEscala de Brilho da Gaveta: FoscoTipo de Corredi\u00e7a da Gaveta: Met\u00e1lica Telesc\u00f3picaPeso M\u00e1ximo por Gaveta: 15 kgTipo de Gaveta: ExternaPossui Organizador de Gaveta: N\u00e3oQuantidade de Gavetas: 01 GavetaPossui Espelho: N\u00e3o PossuiEstilo: Cl\u00e1ssicomodular: N\u00e3oPossui Cabideiros: 01Possui Calceiros: N\u00e3oLinha ou Cole\u00e7\u00e3o: NestRecomenda\u00e7\u00f5es de Uso, Manuten\u00e7\u00e3o e Limpeza: Pano levemente umedecido. N\u00e3o utilizar materiais abrasivos.<\/p>\n<h4>Aproveite e pesquise o pre\u00e7o deste produto em dezenas de lojas dos marketplaces abaixo:<\/h4>\n<p><a href=\"https:\/\/www.magazinevoce.com.br\/magazineezu\/busca\/Guarda Roupa 2 Portas e 1 Gavetas em Madeira Maci\u00e7a Branco Nest Branco\/Carvalho\/\" target=\"_blank\" rel=\"noopener\"><img decoding=\"async\" src=\"https:\/\/mvc.mlcdn.com.br\/ad\/2503_superofertas.png\" alt=\"Pesquise no Magazine eZu\" \/> &#8211; da Parceria MAGALU<\/a>.<\/p>\n<p>Ainda n\u00e3o encontrou a melhor op\u00e7\u00e3o de compra? Oferecemos mais uma possibilidade de <strong>busca<\/strong> mais ampla para <a href=\"https:\/\/ecompare.com.br\/lojas\/resultados-da-pesquisa\/?q=Guarda Roupa 2 Portas e 1 Gavetas em Madeira Maci\u00e7a Branco Nest Branco\/Carvalho#gsc.tab=0&amp;gsc.q=Guarda Roupa 2 Portas e 1 Gavetas em Madeira Maci\u00e7a Branco Nest Branco\/Carvalho&amp;gsc.page=1\" target=\"_blank\" rel=\"noopener\">Guarda Roupa 2 Portas e 1 Gavetas em Madeira Maci\u00e7a Branco Nest Branco\/Carvalho, clique e continue <strong>pesquisando&#8230;<\/strong><\/a><\/p>\n<hr \/>\n","protected":false},"excerpt":{"rendered":"<p>R$ 1851.65 nas lojas <a href=\"https:\/\/www.awin1.com\/pclick.php?p=38605495800&#038;a=690303&#038;m=100453\" target=\"_blank\" rel=\"sponsored\">Casa Tema BR<\/a><\/p>\n","protected":false},"author":1,"featured_media":0,"comment_status":"closed","ping_status":"closed","sticky":false,"template":"","format":"standard","meta":{"footnotes":""},"categories":[2],"tags":[21],"class_list":["post-10083","post","type-post","status-publish","format-standard","hentry","category-produtos","tag-casa-tema-br"],"_links":{"self":[{"href":"https:\/\/jr1.com.br\/shopping\/wp-json\/wp\/v2\/posts\/10083","targetHints":{"allow":["GET"]}}],"collection":[{"href":"https:\/\/jr1.com.br\/shopping\/wp-json\/wp\/v2\/posts"}],"about":[{"href":"https:\/\/jr1.com.br\/shopping\/wp-json\/wp\/v2\/types\/post"}],"author":[{"embeddable":true,"href":"https:\/\/jr1.com.br\/shopping\/wp-json\/wp\/v2\/users\/1"}],"replies":[{"embeddable":true,"href":"https:\/\/jr1.com.br\/shopping\/wp-json\/wp\/v2\/comments?post=10083"}],"version-history":[{"count":0,"href":"https:\/\/jr1.com.br\/shopping\/wp-json\/wp\/v2\/posts\/10083\/revisions"}],"wp:attachment":[{"href":"https:\/\/jr1.com.br\/shopping\/wp-json\/wp\/v2\/media?parent=10083"}],"wp:term":[{"taxonomy":"category","embeddable":true,"href":"https:\/\/jr1.com.br\/shopping\/wp-json\/wp\/v2\/categories?post=10083"},{"taxonomy":"post_tag","embeddable":true,"href":"https:\/\/jr1.com.br\/shopping\/wp-json\/wp\/v2\/tags?post=10083"}],"curies":[{"name":"wp","href":"https:\/\/api.w.org\/{rel}","templated":true}]}}