{"id":102836,"date":"2026-03-09T23:35:15","date_gmt":"2026-03-09T23:35:15","guid":{"rendered":"https:\/\/jr1.com.br\/shopping\/2026\/03\/09\/wella-professionals-nutricurls-mascara-de-nutricao-150ml\/"},"modified":"2026-03-09T23:35:15","modified_gmt":"2026-03-09T23:35:15","slug":"wella-professionals-nutricurls-mascara-de-nutricao-150ml","status":"publish","type":"post","link":"https:\/\/jr1.com.br\/shopping\/2026\/03\/09\/wella-professionals-nutricurls-mascara-de-nutricao-150ml\/","title":{"rendered":"Wella Professionals Nutricurls &#8211; M\u00e1scara de Nutri\u00e7\u00e3o 150ml"},"content":{"rendered":"<h2>Sa\u00fade e beleza > Cuidados pessoais > Cuidados com os cabelos<\/h2>\n<h3>O pre\u00e7o de Wella Professionals Nutricurls &#8211; M\u00e1scara de Nutri\u00e7\u00e3o 150ml no dia acima especificado era de <strong>R$ 302.90<\/strong>.<\/h3>\n<p>Confira o pre\u00e7o atual aqui: <a href=\"https:\/\/www.awin1.com\/pclick.php?p=40666772464&#038;a=690303&#038;m=62481\" rel=\"noopener sponsored\"><img decoding=\"async\" src=\"https:\/\/ui.awin.com\/images\/upload\/merchant\/profile\/62481.png\" alt=\"Wella Professionals Nutricurls - M\u00e1scara de Nutri\u00e7\u00e3o 150ml\" \/> &#8211; nas lojas Beleza na Web PRO BR<\/a><\/p>\n<p><img decoding=\"async\" src=\"https:\/\/res.cloudinary.com\/beleza-na-web\/image\/upload\/w_1500\/f_auto\/fl_progressive\/q_auto:best\/v1\/imagens\/products\/70852\/70852_a.png\" alt=\"Wella Professionals Nutricurls - M\u00e1scara de Nutri\u00e7\u00e3o 150ml\" \/><br \/>\nM\u00e1scara de tratamento para cabelos ondulados ou cacheados. M\u00e1scara Wella Professionals Nutricurls ajuda a nutrir intensamente, reduzir o frizz e trazer maciez aos fios. Ideal proporcionar maleabilidade, com movimento e defini\u00e7\u00e3o. A M\u00e1scara Nutricurls , de Wella Professionals , \u00e9 rica em ativos nutritivos e suavizantes, al\u00e9m da tecnologia Nourish-in, que garante o n\u00edvel de nutri\u00e7\u00e3o perfeita para os fios, combate o volume excessivo e deixa as curvas difinidas. A linha Nutricurls , de Wella Professionals , oferece aos cachos e ondas incr\u00edvel nutri\u00e7\u00e3o para maior defini\u00e7\u00e3o, movimento, anti-frizz e maleabilidade, gra\u00e7as \u00e0 f\u00f3rmulas enriquecidas pelos ativos de \u00d3leo de Jojoba e Extrato de Trigo. Al\u00e9m disso, sua fragr\u00e2ncia energizante e suave entrega uma nota floral equilibrada para elevar o sensorial da limpeza \u00e0 finaliza\u00e7\u00e3o. Encontre aqui os produtos da linha Nutricurls .<\/p>\n<h4>Aproveite e pesquise o pre\u00e7o deste produto em dezenas de lojas dos marketplaces abaixo:<\/h4>\n<p><a href=\"https:\/\/www.magazinevoce.com.br\/magazineezu\/busca\/Wella Professionals Nutricurls - M\u00e1scara de Nutri\u00e7\u00e3o 150ml\/\" target=\"_blank\" rel=\"noopener\"><img decoding=\"async\" src=\"https:\/\/mvc.mlcdn.com.br\/ad\/2503_superofertas.png\" alt=\"Pesquise no Magazine eZu\" \/> &#8211; da Parceria MAGALU<\/a>.<\/p>\n<p>Ainda n\u00e3o encontrou a melhor op\u00e7\u00e3o de compra? Oferecemos mais uma possibilidade de <strong>busca<\/strong> mais ampla para <a href=\"https:\/\/ecompare.com.br\/lojas\/resultados-da-pesquisa\/?q=Wella Professionals Nutricurls - M\u00e1scara de Nutri\u00e7\u00e3o 150ml#gsc.tab=0&amp;gsc.q=Wella Professionals Nutricurls - M\u00e1scara de Nutri\u00e7\u00e3o 150ml&amp;gsc.page=1\" target=\"_blank\" rel=\"noopener\">Wella Professionals Nutricurls &#8211; M\u00e1scara de Nutri\u00e7\u00e3o 150ml, clique e continue <strong>pesquisando&#8230;<\/strong><\/a><\/p>\n<hr \/>\n","protected":false},"excerpt":{"rendered":"<p>R$ 302.90 nas lojas <a href=\"https:\/\/www.awin1.com\/pclick.php?p=40666772464&#038;a=690303&#038;m=62481\" target=\"_blank\" rel=\"sponsored\">Beleza na Web PRO BR<\/a><\/p>\n","protected":false},"author":1,"featured_media":0,"comment_status":"closed","ping_status":"closed","sticky":false,"template":"","format":"standard","meta":{"footnotes":""},"categories":[2],"tags":[2921,2949],"class_list":["post-102836","post","type-post","status-publish","format-standard","hentry","category-produtos","tag-302-90","tag-beleza-na-web-pro-br"],"_links":{"self":[{"href":"https:\/\/jr1.com.br\/shopping\/wp-json\/wp\/v2\/posts\/102836","targetHints":{"allow":["GET"]}}],"collection":[{"href":"https:\/\/jr1.com.br\/shopping\/wp-json\/wp\/v2\/posts"}],"about":[{"href":"https:\/\/jr1.com.br\/shopping\/wp-json\/wp\/v2\/types\/post"}],"author":[{"embeddable":true,"href":"https:\/\/jr1.com.br\/shopping\/wp-json\/wp\/v2\/users\/1"}],"replies":[{"embeddable":true,"href":"https:\/\/jr1.com.br\/shopping\/wp-json\/wp\/v2\/comments?post=102836"}],"version-history":[{"count":0,"href":"https:\/\/jr1.com.br\/shopping\/wp-json\/wp\/v2\/posts\/102836\/revisions"}],"wp:attachment":[{"href":"https:\/\/jr1.com.br\/shopping\/wp-json\/wp\/v2\/media?parent=102836"}],"wp:term":[{"taxonomy":"category","embeddable":true,"href":"https:\/\/jr1.com.br\/shopping\/wp-json\/wp\/v2\/categories?post=102836"},{"taxonomy":"post_tag","embeddable":true,"href":"https:\/\/jr1.com.br\/shopping\/wp-json\/wp\/v2\/tags?post=102836"}],"curies":[{"name":"wp","href":"https:\/\/api.w.org\/{rel}","templated":true}]}}