{"id":103215,"date":"2026-03-06T11:18:51","date_gmt":"2026-03-06T11:18:51","guid":{"rendered":"https:\/\/jr1.com.br\/shopping\/2026\/03\/06\/belliz-maleta-de-maquiagem-roxa\/"},"modified":"2026-03-06T11:18:51","modified_gmt":"2026-03-06T11:18:51","slug":"belliz-maleta-de-maquiagem-roxa","status":"publish","type":"post","link":"https:\/\/jr1.com.br\/shopping\/2026\/03\/06\/belliz-maleta-de-maquiagem-roxa\/","title":{"rendered":"Belliz &#8211; Maleta de Maquiagem Roxa"},"content":{"rendered":"<h2>Sa\u00fade e beleza > Cuidados pessoais > Cosm\u00e9ticos > Ferramentas cosm\u00e9ticas > Ferramentas de maquiagem<\/h2>\n<h3>O pre\u00e7o de Belliz &#8211; Maleta de Maquiagem Roxa no dia acima especificado era de <strong>R$ 211.90<\/strong>.<\/h3>\n<p>Confira o pre\u00e7o atual aqui: <a href=\"https:\/\/www.awin1.com\/pclick.php?p=40666772952&#038;a=690303&#038;m=62481\" rel=\"noopener sponsored\"><img decoding=\"async\" src=\"https:\/\/ui.awin.com\/images\/upload\/merchant\/profile\/62481.png\" alt=\"Belliz - Maleta de Maquiagem Roxa\" \/> &#8211; nas lojas Beleza na Web PRO BR<\/a><\/p>\n<p><img decoding=\"async\" src=\"https:\/\/res.cloudinary.com\/beleza-na-web\/image\/upload\/w_1500\/f_auto\/fl_progressive\/q_auto:best\/v1\/imagens\/5\/belliz-maleta-de-maquiagem-roxa-7188-1575120294487243238.jpg\" alt=\"Belliz - Maleta de Maquiagem Roxa\" \/><br \/>\nMaleta para maquiagem roxa. Mant\u00e9m a organiza\u00e7\u00e3o dos itens de make de forma f\u00e1cil e pr\u00e1tica. Com bandeja retr\u00e1til, espa\u00e7o para produtos maiores, el\u00e1sticos na tampa para pin\u00e7as e pinc\u00e9is e fechamento com trava. Belliz \u00e9 um grupo de marcas que busca suprir as necessidades de cada pessoa envolvendo seus produtos em seus momentos de beleza, cuidado e higiene, evocando um sentimento \u00fanico e intransfer\u00edvel de import\u00e2ncia por si mesmos. Promove experi\u00eancias que despertam a autoestima e a beleza essencial que existe em cada um. Entre a velocidade do dia a dia e a suavidade do cuidar-se, descubra os produtos que d\u00e3o vida ao seu jeito de ser com Belliz!<\/p>\n<h4>Aproveite e pesquise o pre\u00e7o deste produto em dezenas de lojas dos marketplaces abaixo:<\/h4>\n<p><a href=\"https:\/\/www.magazinevoce.com.br\/magazineezu\/busca\/Belliz - Maleta de Maquiagem Roxa\/\" target=\"_blank\" rel=\"noopener\"><img decoding=\"async\" src=\"https:\/\/mvc.mlcdn.com.br\/ad\/2503_superofertas.png\" alt=\"Pesquise no Magazine eZu\" \/> &#8211; da Parceria MAGALU<\/a>.<\/p>\n<p>Ainda n\u00e3o encontrou a melhor op\u00e7\u00e3o de compra? Oferecemos mais uma possibilidade de <strong>busca<\/strong> mais ampla para <a href=\"https:\/\/ecompare.com.br\/lojas\/resultados-da-pesquisa\/?q=Belliz - Maleta de Maquiagem Roxa#gsc.tab=0&amp;gsc.q=Belliz - Maleta de Maquiagem Roxa&amp;gsc.page=1\" target=\"_blank\" rel=\"noopener\">Belliz &#8211; Maleta de Maquiagem Roxa, clique e continue <strong>pesquisando&#8230;<\/strong><\/a><\/p>\n<hr \/>\n","protected":false},"excerpt":{"rendered":"<p>R$ 211.90 nas lojas <a href=\"https:\/\/www.awin1.com\/pclick.php?p=40666772952&#038;a=690303&#038;m=62481\" target=\"_blank\" rel=\"sponsored\">Beleza na Web PRO BR<\/a><\/p>\n","protected":false},"author":1,"featured_media":0,"comment_status":"closed","ping_status":"closed","sticky":false,"template":"","format":"standard","meta":{"footnotes":""},"categories":[2],"tags":[2501,2949],"class_list":["post-103215","post","type-post","status-publish","format-standard","hentry","category-produtos","tag-211-90","tag-beleza-na-web-pro-br"],"_links":{"self":[{"href":"https:\/\/jr1.com.br\/shopping\/wp-json\/wp\/v2\/posts\/103215","targetHints":{"allow":["GET"]}}],"collection":[{"href":"https:\/\/jr1.com.br\/shopping\/wp-json\/wp\/v2\/posts"}],"about":[{"href":"https:\/\/jr1.com.br\/shopping\/wp-json\/wp\/v2\/types\/post"}],"author":[{"embeddable":true,"href":"https:\/\/jr1.com.br\/shopping\/wp-json\/wp\/v2\/users\/1"}],"replies":[{"embeddable":true,"href":"https:\/\/jr1.com.br\/shopping\/wp-json\/wp\/v2\/comments?post=103215"}],"version-history":[{"count":0,"href":"https:\/\/jr1.com.br\/shopping\/wp-json\/wp\/v2\/posts\/103215\/revisions"}],"wp:attachment":[{"href":"https:\/\/jr1.com.br\/shopping\/wp-json\/wp\/v2\/media?parent=103215"}],"wp:term":[{"taxonomy":"category","embeddable":true,"href":"https:\/\/jr1.com.br\/shopping\/wp-json\/wp\/v2\/categories?post=103215"},{"taxonomy":"post_tag","embeddable":true,"href":"https:\/\/jr1.com.br\/shopping\/wp-json\/wp\/v2\/tags?post=103215"}],"curies":[{"name":"wp","href":"https:\/\/api.w.org\/{rel}","templated":true}]}}