{"id":10470,"date":"2025-08-22T19:35:30","date_gmt":"2025-08-22T19:35:30","guid":{"rendered":"https:\/\/jr1.com.br\/shopping\/2025\/08\/22\/quarto-infantil-cama-nicho-prateleira-e-revisteiros-bramov-moveis-cinza-cristal-38605494760\/"},"modified":"2025-08-22T19:35:30","modified_gmt":"2025-08-22T19:35:30","slug":"quarto-infantil-cama-nicho-prateleira-e-revisteiros-bramov-moveis-cinza-cristal-38605494760","status":"publish","type":"post","link":"https:\/\/jr1.com.br\/shopping\/2025\/08\/22\/quarto-infantil-cama-nicho-prateleira-e-revisteiros-bramov-moveis-cinza-cristal-38605494760\/","title":{"rendered":"Quarto Infantil Cama Nicho Prateleira e Revisteiros Bramov M\u00f3veis Cinza Cristal &#8211; 38605494760"},"content":{"rendered":"<h2><\/h2>\n<h3>O pre\u00e7o de Quarto Infantil Cama Nicho Prateleira e Revisteiros Bramov M\u00f3veis Cinza Cristal no dia acima especificado era de <strong>R$ 1423.21<\/strong>.<\/h3>\n<p>Confira o pre\u00e7o atual aqui: <a href=\"https:\/\/www.casatema.com.br\/quarto-infantil-cama-nicho-prateleira-e-revisteiros-bramov-moveis-cinza-cristal\/p?idsku=708441?utm_source=awin&#038;utm_medium=aff&#038;utm_campaign=690303&#038;utm_content=u1&#038;utm_term=&#038;sv1=affiliate&#038;sv_campaign_id=690303&#038;awc=64882_1747143695_604e9a136a087f3da65a6e07584fd7f3\" target=\"_blank\" rel=\"noopener sponsored\"><img decoding=\"async\" src=\"https:\/\/ui.awin.com\/images\/upload\/merchant\/profile\/100453.png\" alt=\"Quarto Infantil Cama Nicho Prateleira e Revisteiros Bramov M\u00f3veis Cinza Cristal\" \/> &#8211; nas lojas  Casa Tema BR<\/a><\/p>\n<p><img decoding=\"async\" src=\"https:\/\/casatema.vteximg.com.br\/arquivos\/ids\/869211_2\" alt=\"Quarto Infantil Cama Nicho Prateleira e Revisteiros Bramov M\u00f3veis Cinza Cristal\" \/><br \/>\nQuarto Infantil Cama Nicho Prateleira e Revisteiros Bramov M\u00f3veis Cinza CristalQuarto Infantil Cama Nicho Prateleira e Revisteiros Bramov M\u00f3veis Cinza Cristal. Os M\u00f3veis devem ser escolhidos com muito carinho, independente de qual for o ambiente, pois eles fazem parte da rotina do dia a dia do nosso lar ou trabalho. Portanto, na hora de decidir qual modelo, lembre-se: al\u00e9m de ter a ergonomia necess\u00e1ria, a medida ideal, um design incr\u00edvel, eles tamb\u00e9m devem cumprir suas fun\u00e7\u00f5es com desempenho total, e na hora da escolha das cores, elas devem combinar com seu estilo e personalidade. Os M\u00f3veis para Ambiente Infantil da Bramov Brasil possuem um design encantador, que permite trazer outros elementos decorativos para compor o ambiente.Caracter\u00edsticas:Cor: Cinza CristalResistente \u00e0 Chuva: N\u00e3oAmbiente Principal: Quarto InfantilLinha ou Cole\u00e7\u00e3o: KitCubosMaterial Principal: MDPNecessita Montagem: SimMedida de Cada Item: Cama: 140cm x 73cm x 153cm Nicho: 33cm x 60cm x 24cm Revisteiro: 10cm x 60cm x 10cm Prateleira: 1,5cm x 60cm x 10cmSistema de Montagem: Parafusos, Cantoneiras e Tapa Furos.Origem do Produto: NacionalComplexidade da Montagem: Alta: deve ser montado por um montador especializadoItens Inclusos: 1 Cama, 1 Prateleira, 1 Nicho, 2 Revisteiros, Manual de Montagem e Ferragens.Suporta At\u00e9 (kg): Cama: 60kg, Nicho: 20kg, Revisteiro: 5kg, Revisteiro: 5kg, Prateleira: 5kgEscala de Brilho: FoscoCor Predominante: CinzaPeso: Cama: 35kg, Nicho: 6kg, Revisteiro: 1kg, Revisteiro: 1kg, Prateleira: 1kgCor do Produto: Cinza CristalRecomenda\u00e7\u00f5es de Uso, Manuten\u00e7\u00e3o e Limpeza: Limpar apenas com pano macio levemente umedecido.Garantia: 03 meses<\/p>\n<h4>Aproveite e pesquise o pre\u00e7o deste produto em dezenas de lojas dos marketplaces abaixo:<\/h4>\n<p><a href=\"https:\/\/www.magazinevoce.com.br\/magazineezu\/busca\/Quarto Infantil Cama Nicho Prateleira e Revisteiros Bramov M\u00f3veis Cinza Cristal\/\" target=\"_blank\" rel=\"noopener\"><img decoding=\"async\" src=\"https:\/\/mvc.mlcdn.com.br\/ad\/2503_superofertas.png\" alt=\"Pesquise no Magazine eZu\" \/> &#8211; da Parceria MAGALU<\/a>.<\/p>\n<p>Ainda n\u00e3o encontrou a melhor op\u00e7\u00e3o de compra? Oferecemos mais uma possibilidade de <strong>busca<\/strong> mais ampla para <a href=\"https:\/\/ecompare.com.br\/lojas\/resultados-da-pesquisa\/?q=Quarto Infantil Cama Nicho Prateleira e Revisteiros Bramov M\u00f3veis Cinza Cristal#gsc.tab=0&amp;gsc.q=Quarto Infantil Cama Nicho Prateleira e Revisteiros Bramov M\u00f3veis Cinza Cristal&amp;gsc.page=1\" target=\"_blank\" rel=\"noopener\">Quarto Infantil Cama Nicho Prateleira e Revisteiros Bramov M\u00f3veis Cinza Cristal, clique e continue <strong>pesquisando&#8230;<\/strong><\/a><\/p>\n<hr \/>\n","protected":false},"excerpt":{"rendered":"<p>R$ 1423.21 nas lojas <a href=\"https:\/\/www.awin1.com\/pclick.php?p=38605494760&#038;a=690303&#038;m=100453\" target=\"_blank\" rel=\"sponsored\">Casa Tema BR<\/a><\/p>\n","protected":false},"author":1,"featured_media":0,"comment_status":"closed","ping_status":"closed","sticky":false,"template":"","format":"standard","meta":{"footnotes":""},"categories":[2],"tags":[21],"class_list":["post-10470","post","type-post","status-publish","format-standard","hentry","category-produtos","tag-casa-tema-br"],"_links":{"self":[{"href":"https:\/\/jr1.com.br\/shopping\/wp-json\/wp\/v2\/posts\/10470","targetHints":{"allow":["GET"]}}],"collection":[{"href":"https:\/\/jr1.com.br\/shopping\/wp-json\/wp\/v2\/posts"}],"about":[{"href":"https:\/\/jr1.com.br\/shopping\/wp-json\/wp\/v2\/types\/post"}],"author":[{"embeddable":true,"href":"https:\/\/jr1.com.br\/shopping\/wp-json\/wp\/v2\/users\/1"}],"replies":[{"embeddable":true,"href":"https:\/\/jr1.com.br\/shopping\/wp-json\/wp\/v2\/comments?post=10470"}],"version-history":[{"count":0,"href":"https:\/\/jr1.com.br\/shopping\/wp-json\/wp\/v2\/posts\/10470\/revisions"}],"wp:attachment":[{"href":"https:\/\/jr1.com.br\/shopping\/wp-json\/wp\/v2\/media?parent=10470"}],"wp:term":[{"taxonomy":"category","embeddable":true,"href":"https:\/\/jr1.com.br\/shopping\/wp-json\/wp\/v2\/categories?post=10470"},{"taxonomy":"post_tag","embeddable":true,"href":"https:\/\/jr1.com.br\/shopping\/wp-json\/wp\/v2\/tags?post=10470"}],"curies":[{"name":"wp","href":"https:\/\/api.w.org\/{rel}","templated":true}]}}