{"id":10574,"date":"2025-09-03T23:49:12","date_gmt":"2025-09-03T23:49:12","guid":{"rendered":"https:\/\/jr1.com.br\/shopping\/2025\/09\/03\/mini-cama-infantil-com-protecao-lateral-arco-iris-djd-moveis-branco-38605494955\/"},"modified":"2025-09-03T23:49:12","modified_gmt":"2025-09-03T23:49:12","slug":"mini-cama-infantil-com-protecao-lateral-arco-iris-djd-moveis-branco-38605494955","status":"publish","type":"post","link":"https:\/\/jr1.com.br\/shopping\/2025\/09\/03\/mini-cama-infantil-com-protecao-lateral-arco-iris-djd-moveis-branco-38605494955\/","title":{"rendered":"Mini Cama Infantil com Prote\u00e7\u00e3o Lateral Arco-\u00edris DJD M\u00f3veis Branco &#8211; 38605494955"},"content":{"rendered":"<h2><\/h2>\n<h3>O pre\u00e7o de Mini Cama Infantil com Prote\u00e7\u00e3o Lateral Arco-\u00edris DJD M\u00f3veis Branco no dia acima especificado era de <strong>R$ 377.21<\/strong>.<\/h3>\n<p>Confira o pre\u00e7o atual aqui: <a href=\"https:\/\/www.casatema.com.br\/mini-cama-infantil-com-protecao-lateral-arco-iris-djd-moveis-branco\/p?idsku=722854?utm_source=awin&#038;utm_medium=aff&#038;utm_campaign=690303&#038;utm_content=u1&#038;utm_term=&#038;sv1=affiliate&#038;sv_campaign_id=690303&#038;awc=64882_1747143695_604e9a136a087f3da65a6e07584fd7f3\" target=\"_blank\" rel=\"noopener sponsored\"><img decoding=\"async\" src=\"https:\/\/ui.awin.com\/images\/upload\/merchant\/profile\/100453.png\" alt=\"Mini Cama Infantil com Prote\u00e7\u00e3o Lateral Arco-\u00edris DJD M\u00f3veis Branco\" \/> &#8211; nas lojas  Casa Tema BR<\/a><\/p>\n<p><img decoding=\"async\" src=\"https:\/\/casatema.vteximg.com.br\/arquivos\/ids\/872126_2\" alt=\"Mini Cama Infantil com Prote\u00e7\u00e3o Lateral Arco-\u00edris DJD M\u00f3veis Branco\" \/><br \/>\nMini Cama Infantil com Prote\u00e7\u00e3o Lateral Arco-\u00edris DJD M\u00f3veis BrancoMini Cama Infantil com Prote\u00e7\u00e3o Lateral Arco-\u00edris DJD M\u00f3veis Branco. E ent\u00e3o seu beb\u00ea cresceu e o ber\u00e7o ficou pequeno? A Mini cama Arco-\u00edris DJD \u00e9 ideal para esse momento e vai deixar o quarto das crian\u00e7as ainda mais divertido e com estilo. Ela \u00e9 feita em MDP 15 mm, com prote\u00e7\u00f5es nas laterais para maior seguran\u00e7a da crian\u00e7a e lastro todo em madeira maci\u00e7a.Caracter\u00edsticas:Cor: BrancoPossui Portas: N\u00e3oOrigem do Produto: NacionalMaterial Principal: MDPAcabamento: Finish FoilPeso: 18,5 kgProfundidade: 153,5 cmLargura: 83 cmAltura: 68,5 cmNecessita Montagem: SimSistema de Montagem: Parafusos e cavilhasComplexidade da Montagem: M\u00e9dia: pode ser montado por mais de uma pessoa e\/ou necessite de maior conhecimento para montagemPossui P\u00e9s: N\u00e3oAcompanha Dossel: N\u00e3oEscala de Brilho: BrilhanteCor Predominante: BrancoCor do Produto: BrancoPossui Prateleiras: N\u00e3oMaterial do Estrado: PinusItens Inclusos: 1 Cama, Kit Ferragens e Manual de MontagemSuporta At\u00e9 (kg): 45 kgAcompanha Suporte para Mosquiteiro: N\u00e3oGarantia: 03 mesesTipo de Cama: Mini CamaAmbiente Principal: Quarto InfantilEstilo: ModernoLinha ou Cole\u00e7\u00e3o: MC070Acompanha Cama Auxiliar: N\u00e3oPermite a Utiliza\u00e7\u00e3o de Cama Auxiliar: N\u00e3oTipo de Colch\u00e3o: SolteiroAcompanha Colch\u00e3o: N\u00e3oTamanho do Colch\u00e3o Indicado (L x C): 70 cm x 150 cmAltura do Estrado at\u00e9 o Ch\u00e3o: 22 cmTipo de Estrado: FixoPossui Ba\u00fa: N\u00e3oRecomenda\u00e7\u00f5es de Uso, Manuten\u00e7\u00e3o e Limpeza: Pano seco ou levemento umidecido com agua<\/p>\n<h4>Aproveite e pesquise o pre\u00e7o deste produto em dezenas de lojas dos marketplaces abaixo:<\/h4>\n<p><a href=\"https:\/\/www.magazinevoce.com.br\/magazineezu\/busca\/Mini Cama Infantil com Prote\u00e7\u00e3o Lateral Arco-\u00edris DJD M\u00f3veis Branco\/\" target=\"_blank\" rel=\"noopener\"><img decoding=\"async\" src=\"https:\/\/mvc.mlcdn.com.br\/ad\/2503_superofertas.png\" alt=\"Pesquise no Magazine eZu\" \/> &#8211; da Parceria MAGALU<\/a>.<\/p>\n<p>Ainda n\u00e3o encontrou a melhor op\u00e7\u00e3o de compra? Oferecemos mais uma possibilidade de <strong>busca<\/strong> mais ampla para <a href=\"https:\/\/ecompare.com.br\/lojas\/resultados-da-pesquisa\/?q=Mini Cama Infantil com Prote\u00e7\u00e3o Lateral Arco-\u00edris DJD M\u00f3veis Branco#gsc.tab=0&amp;gsc.q=Mini Cama Infantil com Prote\u00e7\u00e3o Lateral Arco-\u00edris DJD M\u00f3veis Branco&amp;gsc.page=1\" target=\"_blank\" rel=\"noopener\">Mini Cama Infantil com Prote\u00e7\u00e3o Lateral Arco-\u00edris DJD M\u00f3veis Branco, clique e continue <strong>pesquisando&#8230;<\/strong><\/a><\/p>\n<hr \/>\n","protected":false},"excerpt":{"rendered":"<p>R$ 377.21 nas lojas <a href=\"https:\/\/www.awin1.com\/pclick.php?p=38605494955&#038;a=690303&#038;m=100453\" target=\"_blank\" rel=\"sponsored\">Casa Tema BR<\/a><\/p>\n","protected":false},"author":1,"featured_media":0,"comment_status":"closed","ping_status":"closed","sticky":false,"template":"","format":"standard","meta":{"footnotes":""},"categories":[2],"tags":[21],"class_list":["post-10574","post","type-post","status-publish","format-standard","hentry","category-produtos","tag-casa-tema-br"],"_links":{"self":[{"href":"https:\/\/jr1.com.br\/shopping\/wp-json\/wp\/v2\/posts\/10574","targetHints":{"allow":["GET"]}}],"collection":[{"href":"https:\/\/jr1.com.br\/shopping\/wp-json\/wp\/v2\/posts"}],"about":[{"href":"https:\/\/jr1.com.br\/shopping\/wp-json\/wp\/v2\/types\/post"}],"author":[{"embeddable":true,"href":"https:\/\/jr1.com.br\/shopping\/wp-json\/wp\/v2\/users\/1"}],"replies":[{"embeddable":true,"href":"https:\/\/jr1.com.br\/shopping\/wp-json\/wp\/v2\/comments?post=10574"}],"version-history":[{"count":0,"href":"https:\/\/jr1.com.br\/shopping\/wp-json\/wp\/v2\/posts\/10574\/revisions"}],"wp:attachment":[{"href":"https:\/\/jr1.com.br\/shopping\/wp-json\/wp\/v2\/media?parent=10574"}],"wp:term":[{"taxonomy":"category","embeddable":true,"href":"https:\/\/jr1.com.br\/shopping\/wp-json\/wp\/v2\/categories?post=10574"},{"taxonomy":"post_tag","embeddable":true,"href":"https:\/\/jr1.com.br\/shopping\/wp-json\/wp\/v2\/tags?post=10574"}],"curies":[{"name":"wp","href":"https:\/\/api.w.org\/{rel}","templated":true}]}}