{"id":10609,"date":"2025-08-21T02:48:50","date_gmt":"2025-08-21T02:48:50","guid":{"rendered":"https:\/\/jr1.com.br\/shopping\/2025\/08\/21\/berco-mini-cama-100-mdf-com-colchao-life-branco-madeirado-ype-38605494980\/"},"modified":"2025-08-21T02:48:50","modified_gmt":"2025-08-21T02:48:50","slug":"berco-mini-cama-100-mdf-com-colchao-life-branco-madeirado-ype-38605494980","status":"publish","type":"post","link":"https:\/\/jr1.com.br\/shopping\/2025\/08\/21\/berco-mini-cama-100-mdf-com-colchao-life-branco-madeirado-ype-38605494980\/","title":{"rendered":"Ber\u00e7o Mini Cama 100% MDF com Colch\u00e3o Life Branco\/Madeirado Yp\u00ea &#8211; 38605494980"},"content":{"rendered":"<h2><\/h2>\n<h3>O pre\u00e7o de Ber\u00e7o Mini Cama 100% MDF com Colch\u00e3o Life Branco\/Madeirado Yp\u00ea no dia acima especificado era de <strong>R$ 541.14<\/strong>.<\/h3>\n<p>Confira o pre\u00e7o atual aqui: <a href=\"https:\/\/www.casatema.com.br\/berco-mini-cama-100--mdf-com-colchao-life-branco-madeirado-ype\/p?idsku=729881?utm_source=awin&#038;utm_medium=aff&#038;utm_campaign=690303&#038;utm_content=u1&#038;utm_term=&#038;sv1=affiliate&#038;sv_campaign_id=690303&#038;awc=64882_1747143695_604e9a136a087f3da65a6e07584fd7f3\" target=\"_blank\" rel=\"noopener sponsored\"><img decoding=\"async\" src=\"https:\/\/ui.awin.com\/images\/upload\/merchant\/profile\/100453.png\" alt=\"Ber\u00e7o Mini Cama 100% MDF com Colch\u00e3o Life Branco\/Madeirado Yp\u00ea\" \/> &#8211; nas lojas  Casa Tema BR<\/a><\/p>\n<p><img decoding=\"async\" src=\"https:\/\/casatema.vteximg.com.br\/arquivos\/ids\/872333_2\" alt=\"Ber\u00e7o Mini Cama 100% MDF com Colch\u00e3o Life Branco\/Madeirado Yp\u00ea\" \/><br \/>\nBer\u00e7o Mini Cama 100% MDF com Colch\u00e3o Life Branco\/Madeirado Yp\u00eaBer\u00e7o Mini Cama 100% MDF com Colch\u00e3o Life Branco\/Madeirado Yp\u00ea. O seu beb\u00ea merece ter um lugar especial para ele aproveitar as noites iniciais de sono, n\u00e3o \u00e9 mesmo? E, por isso, \u00e9 importante apostar em\u00a0m\u00f3veis\u00a0certeiros como o\u00a0Ber\u00e7o 100% MDF! O visual cl\u00e1ssico\u00a0confere eleg\u00e2ncia e aconchego para o\u00a0quarto\u00a0do rec\u00e9m-nascido, dando mais liberdade na hora de\u00a0decorar\u00a0o espa\u00e7o para receb\u00ea-lo. Ah, a pe\u00e7a ainda conta com regulagens de altura\u00a0para se adaptar melhor \u00e0s necessidades do dia a dia. Gostou?Caracter\u00edsticas:Cor: Branco\/Madeirado Yp\u00eaSistema de Montagem: Parafusos, porcas e pregosPossui P\u00e9s: 04Pintura At\u00f3xica: SimSistema Anti-Refluxo: N\u00e3oPossui Prateleiras: N\u00e3oPossui Portas: N\u00e3oComplexidade da Montagem: M\u00e9dia: pode ser montado por mais de uma pessoa e\/ou necessite de maior conhecimento para montagemNecessita Montagem: SimPossui Rod\u00edzio: N\u00e3oAltura: 81Largura: 132.4Profundidade: 67Peso: 23.9Acabamento: Pintura UVMaterial Principal: MDFSapatas Niveladoras: N\u00e3oAcabamento dos P\u00e9s: PinturaItens Inclusos: 1 Ber\u00e7o, 1 Colch\u00e3o, Kit Ferragens e Manual de Montagem.Material dos P\u00e9s: MDFGarantia: 03 mesesCor do Produto: Branco\/Madeirado Yp\u00eaCor Predominante: MarromEscala de Brilho: FoscoAltura dos P\u00e9s: 6Origem do Produto: NacionalPort\u00e1til: N\u00e3oPermite a Utiliza\u00e7\u00e3o de Cama Auxiliar: N\u00e3oAcompanha Cama Auxiliar: N\u00e3oEstilo: Contempor\u00e2neoAmbiente Principal: Quarto de Beb\u00eaAcompanha Colch\u00e3o: SimInforma\u00e7\u00f5es Complementares: Ber\u00e7o minicama 100% MDF com grades envelopadas, sistema de fixa\u00e7\u00e3o por buchas, 3 n\u00edveis de altura de estrado, sapatilhas de prote\u00e7\u00e3o contra umidade. Colch\u00e3o fornecido. Acompanha Kit para transforma\u00e7\u00e3o em minicama e suporte mosquiteiro.Possui Gavetas: N\u00e3oSuporta At\u00e9 (kg): 30Tipo de Grade: FixaMaterial da Grade: MDFAcompanha Suporte para Mosquiteiro: Sim &#8211; Sem V\u00e9uCertificado: OCAN-BER.278\/19-4Acompanha M\u00f3bile: N\u00e3oMultifun\u00e7\u00e3o Flex: N\u00e3oTipo de Estrado: Remov\u00edvelMaterial do Estrado: MDFAltura do Estrado at\u00e9 o Ch\u00e3o: 49.5Estrado Regul\u00e1vel em Quantas Posi\u00e7\u00f5es: 03Op\u00e7\u00f5es de Altura do Estrado: Fura\u00e7\u00e3o mais alta 49,5cm &#8211; Fura\u00e7\u00e3o m\u00e9dia 37cm &#8211; Fura\u00e7\u00e3o mais Baixa 21cmEstrado com Regulagem de Altura: SimRecomenda\u00e7\u00f5es de Uso, Manuten\u00e7\u00e3o e Limpeza: Limpeza com pano macio e levemente umedecido. N\u00e3o utilizar solventes a base de inflam\u00e1veis. N\u00e3o utilizar produtos abrasivos.<\/p>\n<h4>Aproveite e pesquise o pre\u00e7o deste produto em dezenas de lojas dos marketplaces abaixo:<\/h4>\n<p><a href=\"https:\/\/www.magazinevoce.com.br\/magazineezu\/busca\/Ber\u00e7o Mini Cama 100% MDF com Colch\u00e3o Life Branco\/Madeirado Yp\u00ea\/\" target=\"_blank\" rel=\"noopener\"><img decoding=\"async\" src=\"https:\/\/mvc.mlcdn.com.br\/ad\/2503_superofertas.png\" alt=\"Pesquise no Magazine eZu\" \/> &#8211; da Parceria MAGALU<\/a>.<\/p>\n<p>Ainda n\u00e3o encontrou a melhor op\u00e7\u00e3o de compra? Oferecemos mais uma possibilidade de <strong>busca<\/strong> mais ampla para <a href=\"https:\/\/ecompare.com.br\/lojas\/resultados-da-pesquisa\/?q=Ber\u00e7o Mini Cama 100% MDF com Colch\u00e3o Life Branco\/Madeirado Yp\u00ea#gsc.tab=0&amp;gsc.q=Ber\u00e7o Mini Cama 100% MDF com Colch\u00e3o Life Branco\/Madeirado Yp\u00ea&amp;gsc.page=1\" target=\"_blank\" rel=\"noopener\">Ber\u00e7o Mini Cama 100% MDF com Colch\u00e3o Life Branco\/Madeirado Yp\u00ea, clique e continue <strong>pesquisando&#8230;<\/strong><\/a><\/p>\n<hr \/>\n","protected":false},"excerpt":{"rendered":"<p>R$ 541.14 nas lojas <a href=\"https:\/\/www.awin1.com\/pclick.php?p=38605494980&#038;a=690303&#038;m=100453\" target=\"_blank\" rel=\"sponsored\">Casa Tema BR<\/a><\/p>\n","protected":false},"author":1,"featured_media":0,"comment_status":"closed","ping_status":"closed","sticky":false,"template":"","format":"standard","meta":{"footnotes":""},"categories":[2],"tags":[21],"class_list":["post-10609","post","type-post","status-publish","format-standard","hentry","category-produtos","tag-casa-tema-br"],"_links":{"self":[{"href":"https:\/\/jr1.com.br\/shopping\/wp-json\/wp\/v2\/posts\/10609","targetHints":{"allow":["GET"]}}],"collection":[{"href":"https:\/\/jr1.com.br\/shopping\/wp-json\/wp\/v2\/posts"}],"about":[{"href":"https:\/\/jr1.com.br\/shopping\/wp-json\/wp\/v2\/types\/post"}],"author":[{"embeddable":true,"href":"https:\/\/jr1.com.br\/shopping\/wp-json\/wp\/v2\/users\/1"}],"replies":[{"embeddable":true,"href":"https:\/\/jr1.com.br\/shopping\/wp-json\/wp\/v2\/comments?post=10609"}],"version-history":[{"count":0,"href":"https:\/\/jr1.com.br\/shopping\/wp-json\/wp\/v2\/posts\/10609\/revisions"}],"wp:attachment":[{"href":"https:\/\/jr1.com.br\/shopping\/wp-json\/wp\/v2\/media?parent=10609"}],"wp:term":[{"taxonomy":"category","embeddable":true,"href":"https:\/\/jr1.com.br\/shopping\/wp-json\/wp\/v2\/categories?post=10609"},{"taxonomy":"post_tag","embeddable":true,"href":"https:\/\/jr1.com.br\/shopping\/wp-json\/wp\/v2\/tags?post=10609"}],"curies":[{"name":"wp","href":"https:\/\/api.w.org\/{rel}","templated":true}]}}