{"id":106419,"date":"2026-03-26T00:52:44","date_gmt":"2026-03-26T00:52:44","guid":{"rendered":"https:\/\/jr1.com.br\/shopping\/2026\/03\/26\/vichy-mineral-89-hidratante-facial-30ml\/"},"modified":"2026-03-26T00:52:44","modified_gmt":"2026-03-26T00:52:44","slug":"vichy-mineral-89-hidratante-facial-30ml","status":"publish","type":"post","link":"https:\/\/jr1.com.br\/shopping\/2026\/03\/26\/vichy-mineral-89-hidratante-facial-30ml\/","title":{"rendered":"Vichy Min\u00e9ral 89 &#8211; Hidratante Facial 30ml"},"content":{"rendered":"<h2>Sa\u00fade e beleza > Cuidados pessoais > Cosm\u00e9ticos > Cuidados com a pele<\/h2>\n<h3>O pre\u00e7o de Vichy Min\u00e9ral 89 &#8211; Hidratante Facial 30ml no dia acima especificado era de <strong>R$ 149.90<\/strong>.<\/h3>\n<p>Confira o pre\u00e7o atual aqui: <a href=\"https:\/\/www.awin1.com\/pclick.php?p=40666776032&#038;a=690303&#038;m=62481\" rel=\"noopener sponsored\"><img decoding=\"async\" src=\"https:\/\/ui.awin.com\/images\/upload\/merchant\/profile\/62481.png\" alt=\"Vichy Min\u00e9ral 89 - Hidratante Facial 30ml\" \/> &#8211; nas lojas Beleza na Web PRO BR<\/a><\/p>\n<p><img decoding=\"async\" src=\"https:\/\/res.cloudinary.com\/beleza-na-web\/image\/upload\/w_1500\/f_auto\/fl_progressive\/q_auto:best\/v1\/imagens\/product\/83222\/3c6b4767-c358-4505-bd77-8ec141444cc1-vichy-mineral-89-hidratante-facial-30ml.png\" alt=\"Vichy Min\u00e9ral 89 - Hidratante Facial 30ml\" \/><br \/>\nHidratante facial com 15 minerais para todos os tipos de pele. Vichy Min\u00e9ral 89 aumenta a maciez e a resist\u00eancia cut\u00e2neas, al\u00e9m de proteger contra os mais diversos agressores externos, como polui\u00e7\u00e3o, mudan\u00e7as clim\u00e1ticas e tratamentos com \u00e1cidos. O Hidratante Facial Vichy Min\u00e9ral 89 conta com f\u00f3rmula exclusiva e inovadora, cuidadosamente pensada para tratar peles que est\u00e3o passando por algum processo capaz de aumentar sua sensibilidade. Pr\u00e1tico e poderoso, o produto combate o ressecamento, tonifica por completo, ajuda a preencher linhas finas, acelera a regenera\u00e7\u00e3o das c\u00e9lulas e ainda melhora a luminosidade da face. Seu rosto fica visivelmente muito mais saud\u00e1vel e jovial, com a pele devidamente fortalecida e perfeitamente protegida contra os danos di\u00e1rios. Dispon\u00edvel nas seguintes volumetrias: 30ml, 50ml e 75ml.<\/p>\n<h4>Aproveite e pesquise o pre\u00e7o deste produto em dezenas de lojas dos marketplaces abaixo:<\/h4>\n<p><a href=\"https:\/\/www.magazinevoce.com.br\/magazineezu\/busca\/Vichy Min\u00e9ral 89 - Hidratante Facial 30ml\/\" target=\"_blank\" rel=\"noopener\"><img decoding=\"async\" src=\"https:\/\/mvc.mlcdn.com.br\/ad\/2503_superofertas.png\" alt=\"Pesquise no Magazine eZu\" \/> &#8211; da Parceria MAGALU<\/a>.<\/p>\n<p>Ainda n\u00e3o encontrou a melhor op\u00e7\u00e3o de compra? Oferecemos mais uma possibilidade de <strong>busca<\/strong> mais ampla para <a href=\"https:\/\/ecompare.com.br\/lojas\/resultados-da-pesquisa\/?q=Vichy Min\u00e9ral 89 - Hidratante Facial 30ml#gsc.tab=0&amp;gsc.q=Vichy Min\u00e9ral 89 - Hidratante Facial 30ml&amp;gsc.page=1\" target=\"_blank\" rel=\"noopener\">Vichy Min\u00e9ral 89 &#8211; Hidratante Facial 30ml, clique e continue <strong>pesquisando&#8230;<\/strong><\/a><\/p>\n<hr \/>\n","protected":false},"excerpt":{"rendered":"<p>R$ 149.90 nas lojas <a href=\"https:\/\/www.awin1.com\/pclick.php?p=40666776032&#038;a=690303&#038;m=62481\" target=\"_blank\" rel=\"sponsored\">Beleza na Web PRO BR<\/a><\/p>\n","protected":false},"author":1,"featured_media":0,"comment_status":"closed","ping_status":"closed","sticky":false,"template":"","format":"standard","meta":{"footnotes":""},"categories":[2],"tags":[2452,2949],"class_list":["post-106419","post","type-post","status-publish","format-standard","hentry","category-produtos","tag-149-90","tag-beleza-na-web-pro-br"],"_links":{"self":[{"href":"https:\/\/jr1.com.br\/shopping\/wp-json\/wp\/v2\/posts\/106419","targetHints":{"allow":["GET"]}}],"collection":[{"href":"https:\/\/jr1.com.br\/shopping\/wp-json\/wp\/v2\/posts"}],"about":[{"href":"https:\/\/jr1.com.br\/shopping\/wp-json\/wp\/v2\/types\/post"}],"author":[{"embeddable":true,"href":"https:\/\/jr1.com.br\/shopping\/wp-json\/wp\/v2\/users\/1"}],"replies":[{"embeddable":true,"href":"https:\/\/jr1.com.br\/shopping\/wp-json\/wp\/v2\/comments?post=106419"}],"version-history":[{"count":0,"href":"https:\/\/jr1.com.br\/shopping\/wp-json\/wp\/v2\/posts\/106419\/revisions"}],"wp:attachment":[{"href":"https:\/\/jr1.com.br\/shopping\/wp-json\/wp\/v2\/media?parent=106419"}],"wp:term":[{"taxonomy":"category","embeddable":true,"href":"https:\/\/jr1.com.br\/shopping\/wp-json\/wp\/v2\/categories?post=106419"},{"taxonomy":"post_tag","embeddable":true,"href":"https:\/\/jr1.com.br\/shopping\/wp-json\/wp\/v2\/tags?post=106419"}],"curies":[{"name":"wp","href":"https:\/\/api.w.org\/{rel}","templated":true}]}}