{"id":106460,"date":"2026-03-06T07:04:06","date_gmt":"2026-03-06T07:04:06","guid":{"rendered":"https:\/\/jr1.com.br\/shopping\/2026\/03\/06\/kit-wella-professionals-invigo-sun-trio-3-produtos\/"},"modified":"2026-03-06T07:04:06","modified_gmt":"2026-03-06T07:04:06","slug":"kit-wella-professionals-invigo-sun-trio-3-produtos","status":"publish","type":"post","link":"https:\/\/jr1.com.br\/shopping\/2026\/03\/06\/kit-wella-professionals-invigo-sun-trio-3-produtos\/","title":{"rendered":"Kit Wella Professionals Invigo Sun Trio (3 Produtos)"},"content":{"rendered":"<h2>Sa\u00fade e beleza > Cuidados pessoais > Cuidados com os cabelos<\/h2>\n<h3>O pre\u00e7o de Kit Wella Professionals Invigo Sun Trio (3 Produtos) no dia acima especificado era de <strong>R$ 579.70<\/strong>.<\/h3>\n<p>Confira o pre\u00e7o atual aqui: <a href=\"https:\/\/www.awin1.com\/pclick.php?p=42922475853&#038;a=690303&#038;m=62481\" rel=\"noopener sponsored\"><img decoding=\"async\" src=\"https:\/\/ui.awin.com\/images\/upload\/merchant\/profile\/62481.png\" alt=\"Kit Wella Professionals Invigo Sun Trio (3 Produtos)\" \/> &#8211; nas lojas Beleza na Web PRO BR<\/a><\/p>\n<p><img decoding=\"async\" src=\"https:\/\/res.cloudinary.com\/beleza-na-web\/image\/upload\/w_1500\/f_auto\/fl_progressive\/q_auto:best\/v1\/imagens\/product\/83312\/6791005d-5468-4b45-80ba-f21959bc7c4d-83312-pai-81495-81498-81499.png\" alt=\"Kit Wella Professionals Invigo Sun Trio (3 Produtos)\" \/><br \/>\nKit de tratamento para fios expostos ao sol, radia\u00e7\u00e3o, sujeira e cloro. Wella Professionals Invigo Sun Trio limpa, devolve toque e maciez. O Kit de tratamento para fios expostos ao sol, radia\u00e7\u00e3o, sujeira e cloro Wella Professionals Invigo Sun Trio \u00e9 indicado para reconstruir os cabelos que foram expostos \u00e0 altas temperaturas, raios UV al\u00e9m de n\u00e3o deixar os fios \u00e1speros ou ressecados. Invigo Sun , da Wella Professionals , \u00e9 uma linha que traz f\u00f3rmula com tecnologia avan\u00e7ada com vitaminas e ingredientes que cuidam e protegem os cabelos dos efeitos do sol, \u00e1gua do mar e cloro. Encontre aqui os outros produtos da linha Invigo Sun .<\/p>\n<h4>Aproveite e pesquise o pre\u00e7o deste produto em dezenas de lojas dos marketplaces abaixo:<\/h4>\n<p><a href=\"https:\/\/www.magazinevoce.com.br\/magazineezu\/busca\/Kit Wella Professionals Invigo Sun Trio (3 Produtos)\/\" target=\"_blank\" rel=\"noopener\"><img decoding=\"async\" src=\"https:\/\/mvc.mlcdn.com.br\/ad\/2503_superofertas.png\" alt=\"Pesquise no Magazine eZu\" \/> &#8211; da Parceria MAGALU<\/a>.<\/p>\n<p>Ainda n\u00e3o encontrou a melhor op\u00e7\u00e3o de compra? Oferecemos mais uma possibilidade de <strong>busca<\/strong> mais ampla para <a href=\"https:\/\/ecompare.com.br\/lojas\/resultados-da-pesquisa\/?q=Kit Wella Professionals Invigo Sun Trio (3 Produtos)#gsc.tab=0&amp;gsc.q=Kit Wella Professionals Invigo Sun Trio (3 Produtos)&amp;gsc.page=1\" target=\"_blank\" rel=\"noopener\">Kit Wella Professionals Invigo Sun Trio (3 Produtos), clique e continue <strong>pesquisando&#8230;<\/strong><\/a><\/p>\n<hr \/>\n","protected":false},"excerpt":{"rendered":"<p>R$ 579.70 nas lojas <a href=\"https:\/\/www.awin1.com\/pclick.php?p=42922475853&#038;a=690303&#038;m=62481\" target=\"_blank\" rel=\"sponsored\">Beleza na Web PRO BR<\/a><\/p>\n","protected":false},"author":1,"featured_media":0,"comment_status":"closed","ping_status":"closed","sticky":false,"template":"","format":"standard","meta":{"footnotes":""},"categories":[2],"tags":[3939,2949],"class_list":["post-106460","post","type-post","status-publish","format-standard","hentry","category-produtos","tag-579-70","tag-beleza-na-web-pro-br"],"_links":{"self":[{"href":"https:\/\/jr1.com.br\/shopping\/wp-json\/wp\/v2\/posts\/106460","targetHints":{"allow":["GET"]}}],"collection":[{"href":"https:\/\/jr1.com.br\/shopping\/wp-json\/wp\/v2\/posts"}],"about":[{"href":"https:\/\/jr1.com.br\/shopping\/wp-json\/wp\/v2\/types\/post"}],"author":[{"embeddable":true,"href":"https:\/\/jr1.com.br\/shopping\/wp-json\/wp\/v2\/users\/1"}],"replies":[{"embeddable":true,"href":"https:\/\/jr1.com.br\/shopping\/wp-json\/wp\/v2\/comments?post=106460"}],"version-history":[{"count":0,"href":"https:\/\/jr1.com.br\/shopping\/wp-json\/wp\/v2\/posts\/106460\/revisions"}],"wp:attachment":[{"href":"https:\/\/jr1.com.br\/shopping\/wp-json\/wp\/v2\/media?parent=106460"}],"wp:term":[{"taxonomy":"category","embeddable":true,"href":"https:\/\/jr1.com.br\/shopping\/wp-json\/wp\/v2\/categories?post=106460"},{"taxonomy":"post_tag","embeddable":true,"href":"https:\/\/jr1.com.br\/shopping\/wp-json\/wp\/v2\/tags?post=106460"}],"curies":[{"name":"wp","href":"https:\/\/api.w.org\/{rel}","templated":true}]}}