{"id":10654,"date":"2025-08-17T19:03:39","date_gmt":"2025-08-17T19:03:39","guid":{"rendered":"https:\/\/jr1.com.br\/shopping\/2025\/08\/17\/berco-mini-cama-retro-moveis-peroba-branco-brilho-cinza-38605495014\/"},"modified":"2025-08-17T19:03:39","modified_gmt":"2025-08-17T19:03:39","slug":"berco-mini-cama-retro-moveis-peroba-branco-brilho-cinza-38605495014","status":"publish","type":"post","link":"https:\/\/jr1.com.br\/shopping\/2025\/08\/17\/berco-mini-cama-retro-moveis-peroba-branco-brilho-cinza-38605495014\/","title":{"rendered":"Ber\u00e7o Mini Cama Retr\u00f4 M\u00f3veis Peroba Branco Brilho\/Cinza &#8211; 38605495014"},"content":{"rendered":"<h2><\/h2>\n<h3>O pre\u00e7o de Ber\u00e7o Mini Cama Retr\u00f4 M\u00f3veis Peroba Branco Brilho\/Cinza no dia acima especificado era de <strong>R$ 571.78<\/strong>.<\/h3>\n<p>Confira o pre\u00e7o atual aqui: <a href=\"https:\/\/www.casatema.com.br\/berco-mini-cama-retro-moveis-peroba-branco-brilho-cinza\/p?idsku=732302?utm_source=awin&#038;utm_medium=aff&#038;utm_campaign=690303&#038;utm_content=u1&#038;utm_term=&#038;sv1=affiliate&#038;sv_campaign_id=690303&#038;awc=64882_1747143695_604e9a136a087f3da65a6e07584fd7f3\" target=\"_blank\" rel=\"noopener sponsored\"><img decoding=\"async\" src=\"https:\/\/ui.awin.com\/images\/upload\/merchant\/profile\/100453.png\" alt=\"Ber\u00e7o Mini Cama Retr\u00f4 M\u00f3veis Peroba Branco Brilho\/Cinza\" \/> &#8211; nas lojas  Casa Tema BR<\/a><\/p>\n<p><img decoding=\"async\" src=\"https:\/\/casatema.vteximg.com.br\/arquivos\/ids\/872862_2\" alt=\"Ber\u00e7o Mini Cama Retr\u00f4 M\u00f3veis Peroba Branco Brilho\/Cinza\" \/><br \/>\nBer\u00e7o Mini Cama Retr\u00f4 M\u00f3veis Peroba Branco Brilho\/CinzaBer\u00e7o Mini Cama Retr\u00f4 M\u00f3veis Peroba Branco Brilho\/Cinza. O Ber\u00e7o Mini Cama Retr\u00f4 encanta pelas suas linhas retas, inspirado no estilo passado com um toque de modernidade para o quarto do seu beb\u00ea. \u00c9 uma excelente op\u00e7\u00e3o pra quem busca conforto, seguran\u00e7a e beleza em um s\u00f3 produto. Quando conseguimos reunir tudo isso e ainda aumentar o tempo de uso do produto fica melhor ainda, temos a op\u00e7\u00e3o de transformar o ber\u00e7o em mini cama. O colch\u00e3o a ser utilizado \u00e9 o padr\u00e3o Americano, com 70cm de largura por 130cm de comprimento, mais conforto com mais espa\u00e7o. O varal para mosquiteiro est\u00e1 incluso e a base do colch\u00e3o \u00e9 regul\u00e1vel em 3 op\u00e7\u00f5es de altura, aumentando o conforto no uso di\u00e1rio e na seguran\u00e7a com o crescimento do seu pequeno(a). Com acabamento em pintura ultravioleta at\u00f3xica, e com a qualidade de ser produzido em 100% MDF.Caracter\u00edsticas:Cor: Branco Brilho\/CinzaMaterial Principal: MDFNecessita Montagem: SimAltura: 92,2 cmLargura: 135,5 cmProfundidade: 76,3 cmPeso: 39,28 kgAcabamento: VernizOrigem do Produto: NacionalComplexidade da Montagem: M\u00e9dia: pode ser montado por mais de uma pessoa e\/ou necessite de maior conhecimento para montagemPort\u00e1til: N\u00e3oSuporta At\u00e9 (kg): 40 kgTipo de Grade: FixaMaterial da Grade: MDFEspa\u00e7o Entre as Barras das Grades: 5,8 cmSistema de Montagem: Parafusos Altoatarraxantes\/Rosca M\u00e9trica, Porcas Met\u00e1licas, Buchas Pl\u00e1sticas, Minifix, Cavilhas de Madeira, Chapas Met\u00e1licas, Ponteiras Pl\u00e1sticas para GradesPossui Portas: N\u00e3oCertificado: 000781\/2018Altura dos P\u00e9s: 7 cmItens Inclusos: 1 Ber\u00e7o, Kit Ferragens e Manual de MontagemCor do Produto: Branco Brilho\/CinzaCor Predominante: BrancoEscala de Brilho: BrilhanteMaterial dos P\u00e9s: MDFPossui Prateleiras: N\u00e3oAcabamento dos P\u00e9s: VernizPossui Rod\u00edzio: N\u00e3oSapatas Niveladoras: N\u00e3oPossui P\u00e9s: 04Pintura At\u00f3xica: SimSistema Anti-Refluxo: N\u00e3oAcompanha Suporte para Mosquiteiro: Sim &#8211; Sem V\u00e9uAcompanha M\u00f3bile: N\u00e3oGarantia: 03 mesesAmbiente Principal: Quarto de Beb\u00eaPossui Gavetas: N\u00e3oOp\u00e7\u00f5es de Altura do Estrado: 29 cm &#8211; 45 cm &#8211; 61 cmMontagem Flex: Mini CamaMultifun\u00e7\u00e3o Flex: N\u00e3oTipo de Estrado: Remov\u00edvelMaterial do Estrado: Madeira e MDFAltura do Estrado at\u00e9 o Ch\u00e3o: 29 cmEstrado Regul\u00e1vel em Quantas Posi\u00e7\u00f5es: 03Estrado com Regulagem de Altura: SimEstilo: Retr\u00f4Tamanho do Colch\u00e3o Indicado (L x C): 70cm x 130cmAcompanha Colch\u00e3o: N\u00e3oPermite a Utiliza\u00e7\u00e3o de Cama Auxiliar: N\u00e3oAcompanha Cama Auxiliar: N\u00e3oLinha ou Cole\u00e7\u00e3o: Retr\u00f4Recomenda\u00e7\u00f5es de Uso, Manuten\u00e7\u00e3o e Limpeza: Para limpeza utilize somente pano limpo e macio, ligeiramente umidecido em \u00e1gua (apenas o bastante para remover a poeira), seguido de um pano seco.<\/p>\n<h4>Aproveite e pesquise o pre\u00e7o deste produto em dezenas de lojas dos marketplaces abaixo:<\/h4>\n<p><a href=\"https:\/\/www.magazinevoce.com.br\/magazineezu\/busca\/Ber\u00e7o Mini Cama Retr\u00f4 M\u00f3veis Peroba Branco Brilho\/Cinza\/\" target=\"_blank\" rel=\"noopener\"><img decoding=\"async\" src=\"https:\/\/mvc.mlcdn.com.br\/ad\/2503_superofertas.png\" alt=\"Pesquise no Magazine eZu\" \/> &#8211; da Parceria MAGALU<\/a>.<\/p>\n<p>Ainda n\u00e3o encontrou a melhor op\u00e7\u00e3o de compra? Oferecemos mais uma possibilidade de <strong>busca<\/strong> mais ampla para <a href=\"https:\/\/ecompare.com.br\/lojas\/resultados-da-pesquisa\/?q=Ber\u00e7o Mini Cama Retr\u00f4 M\u00f3veis Peroba Branco Brilho\/Cinza#gsc.tab=0&amp;gsc.q=Ber\u00e7o Mini Cama Retr\u00f4 M\u00f3veis Peroba Branco Brilho\/Cinza&amp;gsc.page=1\" target=\"_blank\" rel=\"noopener\">Ber\u00e7o Mini Cama Retr\u00f4 M\u00f3veis Peroba Branco Brilho\/Cinza, clique e continue <strong>pesquisando&#8230;<\/strong><\/a><\/p>\n<hr \/>\n","protected":false},"excerpt":{"rendered":"<p>R$ 571.78 nas lojas <a href=\"https:\/\/www.awin1.com\/pclick.php?p=38605495014&#038;a=690303&#038;m=100453\" target=\"_blank\" rel=\"sponsored\">Casa Tema BR<\/a><\/p>\n","protected":false},"author":1,"featured_media":0,"comment_status":"closed","ping_status":"closed","sticky":false,"template":"","format":"standard","meta":{"footnotes":""},"categories":[2],"tags":[21],"class_list":["post-10654","post","type-post","status-publish","format-standard","hentry","category-produtos","tag-casa-tema-br"],"_links":{"self":[{"href":"https:\/\/jr1.com.br\/shopping\/wp-json\/wp\/v2\/posts\/10654","targetHints":{"allow":["GET"]}}],"collection":[{"href":"https:\/\/jr1.com.br\/shopping\/wp-json\/wp\/v2\/posts"}],"about":[{"href":"https:\/\/jr1.com.br\/shopping\/wp-json\/wp\/v2\/types\/post"}],"author":[{"embeddable":true,"href":"https:\/\/jr1.com.br\/shopping\/wp-json\/wp\/v2\/users\/1"}],"replies":[{"embeddable":true,"href":"https:\/\/jr1.com.br\/shopping\/wp-json\/wp\/v2\/comments?post=10654"}],"version-history":[{"count":0,"href":"https:\/\/jr1.com.br\/shopping\/wp-json\/wp\/v2\/posts\/10654\/revisions"}],"wp:attachment":[{"href":"https:\/\/jr1.com.br\/shopping\/wp-json\/wp\/v2\/media?parent=10654"}],"wp:term":[{"taxonomy":"category","embeddable":true,"href":"https:\/\/jr1.com.br\/shopping\/wp-json\/wp\/v2\/categories?post=10654"},{"taxonomy":"post_tag","embeddable":true,"href":"https:\/\/jr1.com.br\/shopping\/wp-json\/wp\/v2\/tags?post=10654"}],"curies":[{"name":"wp","href":"https:\/\/api.w.org\/{rel}","templated":true}]}}