{"id":10687,"date":"2025-08-30T08:58:32","date_gmt":"2025-08-30T08:58:32","guid":{"rendered":"https:\/\/jr1.com.br\/shopping\/2025\/08\/30\/mini-cama-infantil-montessoriano-meu-fofinho-art-in-moveis-branco-38605495035\/"},"modified":"2025-08-30T08:58:32","modified_gmt":"2025-08-30T08:58:32","slug":"mini-cama-infantil-montessoriano-meu-fofinho-art-in-moveis-branco-38605495035","status":"publish","type":"post","link":"https:\/\/jr1.com.br\/shopping\/2025\/08\/30\/mini-cama-infantil-montessoriano-meu-fofinho-art-in-moveis-branco-38605495035\/","title":{"rendered":"Mini Cama Infantil Montessoriano Meu Fofinho Art in M\u00f3veis Branco &#8211; 38605495035"},"content":{"rendered":"<h2><\/h2>\n<h3>O pre\u00e7o de Mini Cama Infantil Montessoriano Meu Fofinho Art in M\u00f3veis Branco no dia acima especificado era de <strong>R$ 377.78<\/strong>.<\/h3>\n<p>Confira o pre\u00e7o atual aqui: <a href=\"https:\/\/www.casatema.com.br\/mini-cama-infantil-montessoriano-meu-fofinho-art-in-moveis-branco\/p?idsku=743454?utm_source=awin&#038;utm_medium=aff&#038;utm_campaign=690303&#038;utm_content=u1&#038;utm_term=&#038;sv1=affiliate&#038;sv_campaign_id=690303&#038;awc=64882_1747143695_604e9a136a087f3da65a6e07584fd7f3\" target=\"_blank\" rel=\"noopener sponsored\"><img decoding=\"async\" src=\"https:\/\/ui.awin.com\/images\/upload\/merchant\/profile\/100453.png\" alt=\"Mini Cama Infantil Montessoriano Meu Fofinho Art in M\u00f3veis Branco\" \/> &#8211; nas lojas  Casa Tema BR<\/a><\/p>\n<p><img decoding=\"async\" src=\"https:\/\/casatema.vteximg.com.br\/arquivos\/ids\/873166_2\" alt=\"Mini Cama Infantil Montessoriano Meu Fofinho Art in M\u00f3veis Branco\" \/><br \/>\nMini Cama Infantil Montessoriano Meu Fofinho Art in M\u00f3veis BrancoMini Cama Infantil Montessoriano Meu Fofinho Art in M\u00f3veis Branco. Voc\u00ea encontrar\u00e1 na Cama Infantil com Telhado Montessoriano fabricada pela Art In M\u00f3veis o diferencial para o quarto do seu filho! Perfeito para transbordar bem-estar com design moderno, impactando a decora\u00e7\u00e3o do melhor lugar! A cama foi desenvolvida para proporcionar maior conforto e seguran\u00e7a para seu o filho, produzido com mat\u00e9rias primas at\u00f3xicas e ecologicamente corretas. A ess\u00eancia de criar solu\u00e7\u00f5es que trazem mais conforto sua vida \u00e9 o grande diferencial dos produtos Art In M\u00f3veis. Cada nova ideia \u00e9 uma mistura de criatividade, funcionalidade e muita dedica\u00e7\u00e3o, projetada para\u00a0colch\u00f5es de 148 cm x 68 cm.Caracter\u00edsticas:Cor: BrancoMaterial Principal: MDPNecessita Montagem: SimMaterial do Estrado: EucaliptoSistema de Montagem: Parafusos, Cavilhas e MinifixAcompanha Cama Auxiliar: N\u00e3oComplexidade da Montagem: Baixa: pode ser montado por uma pessoa sozinhaAcompanha Suporte para Mosquiteiro: N\u00e3oTamanho do Colch\u00e3o Indicado (L x C): 68x148cmPermite a Utiliza\u00e7\u00e3o de Cama Auxiliar: N\u00e3oPeso: 14,4 kgAcompanha Colch\u00e3o: N\u00e3oAltura: 148 cmLargura: 83,5 cmSuporta At\u00e9 (kg): 70 kgProfundidade: 155 cmAltura do Estrado at\u00e9 o Ch\u00e3o: 5 cmAcompanha Dossel: SimPossui Prateleiras: N\u00e3oItens Inclusos: 1 Cama, Kit Ferragens e Manual de MontagemAmbiente Principal: Quarto InfantilOrigem do Produto: NacionalTipo de Colch\u00e3o: InfantilAcabamento: Finish FoilPossui Ba\u00fa: N\u00e3oPossui P\u00e9s: N\u00e3oTipo de Cama: Mini CamaPossui Portas: N\u00e3oCor do Produto: BrancoTipo de Estrado: FixoCor Predominante: BrancoEscala de Brilho: Semi-BrilhoRecomenda\u00e7\u00f5es de Uso, Manuten\u00e7\u00e3o e Limpeza: Deve ser feita com pano macio e seco ou levemente umedecido com \u00e1gua e sab\u00e3o neutro. N\u00e3o devem ser utilizados abrasivos como palha de a\u00e7o e objetos cortantes.Garantia: 03 meses<\/p>\n<h4>Aproveite e pesquise o pre\u00e7o deste produto em dezenas de lojas dos marketplaces abaixo:<\/h4>\n<p><a href=\"https:\/\/www.magazinevoce.com.br\/magazineezu\/busca\/Mini Cama Infantil Montessoriano Meu Fofinho Art in M\u00f3veis Branco\/\" target=\"_blank\" rel=\"noopener\"><img decoding=\"async\" src=\"https:\/\/mvc.mlcdn.com.br\/ad\/2503_superofertas.png\" alt=\"Pesquise no Magazine eZu\" \/> &#8211; da Parceria MAGALU<\/a>.<\/p>\n<p>Ainda n\u00e3o encontrou a melhor op\u00e7\u00e3o de compra? Oferecemos mais uma possibilidade de <strong>busca<\/strong> mais ampla para <a href=\"https:\/\/ecompare.com.br\/lojas\/resultados-da-pesquisa\/?q=Mini Cama Infantil Montessoriano Meu Fofinho Art in M\u00f3veis Branco#gsc.tab=0&amp;gsc.q=Mini Cama Infantil Montessoriano Meu Fofinho Art in M\u00f3veis Branco&amp;gsc.page=1\" target=\"_blank\" rel=\"noopener\">Mini Cama Infantil Montessoriano Meu Fofinho Art in M\u00f3veis Branco, clique e continue <strong>pesquisando&#8230;<\/strong><\/a><\/p>\n<hr \/>\n","protected":false},"excerpt":{"rendered":"<p>R$ 377.78 nas lojas <a href=\"https:\/\/www.awin1.com\/pclick.php?p=38605495035&#038;a=690303&#038;m=100453\" target=\"_blank\" rel=\"sponsored\">Casa Tema BR<\/a><\/p>\n","protected":false},"author":1,"featured_media":0,"comment_status":"closed","ping_status":"closed","sticky":false,"template":"","format":"standard","meta":{"footnotes":""},"categories":[2],"tags":[21],"class_list":["post-10687","post","type-post","status-publish","format-standard","hentry","category-produtos","tag-casa-tema-br"],"_links":{"self":[{"href":"https:\/\/jr1.com.br\/shopping\/wp-json\/wp\/v2\/posts\/10687","targetHints":{"allow":["GET"]}}],"collection":[{"href":"https:\/\/jr1.com.br\/shopping\/wp-json\/wp\/v2\/posts"}],"about":[{"href":"https:\/\/jr1.com.br\/shopping\/wp-json\/wp\/v2\/types\/post"}],"author":[{"embeddable":true,"href":"https:\/\/jr1.com.br\/shopping\/wp-json\/wp\/v2\/users\/1"}],"replies":[{"embeddable":true,"href":"https:\/\/jr1.com.br\/shopping\/wp-json\/wp\/v2\/comments?post=10687"}],"version-history":[{"count":0,"href":"https:\/\/jr1.com.br\/shopping\/wp-json\/wp\/v2\/posts\/10687\/revisions"}],"wp:attachment":[{"href":"https:\/\/jr1.com.br\/shopping\/wp-json\/wp\/v2\/media?parent=10687"}],"wp:term":[{"taxonomy":"category","embeddable":true,"href":"https:\/\/jr1.com.br\/shopping\/wp-json\/wp\/v2\/categories?post=10687"},{"taxonomy":"post_tag","embeddable":true,"href":"https:\/\/jr1.com.br\/shopping\/wp-json\/wp\/v2\/tags?post=10687"}],"curies":[{"name":"wp","href":"https:\/\/api.w.org\/{rel}","templated":true}]}}