{"id":107170,"date":"2026-03-10T13:03:09","date_gmt":"2026-03-10T13:03:09","guid":{"rendered":"https:\/\/jr1.com.br\/shopping\/2026\/03\/10\/aveda-botanical-repair-light-mascara-capilar-150ml\/"},"modified":"2026-03-10T13:03:09","modified_gmt":"2026-03-10T13:03:09","slug":"aveda-botanical-repair-light-mascara-capilar-150ml","status":"publish","type":"post","link":"https:\/\/jr1.com.br\/shopping\/2026\/03\/10\/aveda-botanical-repair-light-mascara-capilar-150ml\/","title":{"rendered":"Aveda Botanical Repair Light &#8211; M\u00e1scara Capilar 150ml"},"content":{"rendered":"<h2>Sa\u00fade e beleza > Cuidados pessoais > Cuidados com os cabelos<\/h2>\n<h3>O pre\u00e7o de Aveda Botanical Repair Light &#8211; M\u00e1scara Capilar 150ml no dia acima especificado era de <strong>R$ 372.90<\/strong>.<\/h3>\n<p>Confira o pre\u00e7o atual aqui: <a href=\"https:\/\/www.awin1.com\/pclick.php?p=40666776857&#038;a=690303&#038;m=62481\" rel=\"noopener sponsored\"><img decoding=\"async\" src=\"https:\/\/ui.awin.com\/images\/upload\/merchant\/profile\/62481.png\" alt=\"Aveda Botanical Repair Light - M\u00e1scara Capilar 150ml\" \/> &#8211; nas lojas Beleza na Web PRO BR<\/a><\/p>\n<p><img decoding=\"async\" src=\"https:\/\/res.cloudinary.com\/beleza-na-web\/image\/upload\/w_1500\/f_auto\/fl_progressive\/q_auto:best\/v1\/imagens\/product\/86810\/4e02ef85-6712-4319-8b56-27815940b215-86810-aveda-mascara-fortificante-botanical-repair-intensive-strengthening-masque-light-150ml.png\" alt=\"Aveda Botanical Repair Light - M\u00e1scara Capilar 150ml\" \/><br \/>\nM\u00e1scara capilar para cabelos danificados. Aveda Botanical Repair Light fortifica, repara e suaviza os fios desde a primeira aplica\u00e7\u00e3o, al\u00e9m de promover toque macio e apar\u00eancia radiante. A M\u00e1scara Capilar Aveda Botanical Repair Light chegou para revolucionar a sua rotina de cuidados capilares. Com f\u00f3rmula cruelty-free e inteligente, que reconstr\u00f3i as liga\u00e7\u00f5es presentes no interior do c\u00f3rtex e atua tamb\u00e9m nas outras 2 camadas dos fios, o produto \u00e9 capaz de embelezar, recuperar a sa\u00fade dos cabelos e proteger contra danos futuros. Tamb\u00e9m ajuda desembara\u00e7ar, evita a quebra e perfuma, j\u00e1 que conta com a exclusiva fragr\u00e2ncia pure-fume \u2122, que re\u00fane notas de Ylang-Ylang, Rosa, Manjerona e outras ess\u00eancias bot\u00e2nicas. F\u00f3rmula luxuosa e rica, composta por 98% de ingredientes naturais ou derivados. Ideal para fios com espessura fina ou m\u00e9dia.<\/p>\n<h4>Aproveite e pesquise o pre\u00e7o deste produto em dezenas de lojas dos marketplaces abaixo:<\/h4>\n<p><a href=\"https:\/\/www.magazinevoce.com.br\/magazineezu\/busca\/Aveda Botanical Repair Light - M\u00e1scara Capilar 150ml\/\" target=\"_blank\" rel=\"noopener\"><img decoding=\"async\" src=\"https:\/\/mvc.mlcdn.com.br\/ad\/2503_superofertas.png\" alt=\"Pesquise no Magazine eZu\" \/> &#8211; da Parceria MAGALU<\/a>.<\/p>\n<p>Ainda n\u00e3o encontrou a melhor op\u00e7\u00e3o de compra? Oferecemos mais uma possibilidade de <strong>busca<\/strong> mais ampla para <a href=\"https:\/\/ecompare.com.br\/lojas\/resultados-da-pesquisa\/?q=Aveda Botanical Repair Light - M\u00e1scara Capilar 150ml#gsc.tab=0&amp;gsc.q=Aveda Botanical Repair Light - M\u00e1scara Capilar 150ml&amp;gsc.page=1\" target=\"_blank\" rel=\"noopener\">Aveda Botanical Repair Light &#8211; M\u00e1scara Capilar 150ml, clique e continue <strong>pesquisando&#8230;<\/strong><\/a><\/p>\n<hr \/>\n","protected":false},"excerpt":{"rendered":"<p>R$ 372.90 nas lojas <a href=\"https:\/\/www.awin1.com\/pclick.php?p=40666776857&#038;a=690303&#038;m=62481\" target=\"_blank\" rel=\"sponsored\">Beleza na Web PRO BR<\/a><\/p>\n","protected":false},"author":1,"featured_media":0,"comment_status":"closed","ping_status":"closed","sticky":false,"template":"","format":"standard","meta":{"footnotes":""},"categories":[2],"tags":[2669,2949],"class_list":["post-107170","post","type-post","status-publish","format-standard","hentry","category-produtos","tag-372-90","tag-beleza-na-web-pro-br"],"_links":{"self":[{"href":"https:\/\/jr1.com.br\/shopping\/wp-json\/wp\/v2\/posts\/107170","targetHints":{"allow":["GET"]}}],"collection":[{"href":"https:\/\/jr1.com.br\/shopping\/wp-json\/wp\/v2\/posts"}],"about":[{"href":"https:\/\/jr1.com.br\/shopping\/wp-json\/wp\/v2\/types\/post"}],"author":[{"embeddable":true,"href":"https:\/\/jr1.com.br\/shopping\/wp-json\/wp\/v2\/users\/1"}],"replies":[{"embeddable":true,"href":"https:\/\/jr1.com.br\/shopping\/wp-json\/wp\/v2\/comments?post=107170"}],"version-history":[{"count":0,"href":"https:\/\/jr1.com.br\/shopping\/wp-json\/wp\/v2\/posts\/107170\/revisions"}],"wp:attachment":[{"href":"https:\/\/jr1.com.br\/shopping\/wp-json\/wp\/v2\/media?parent=107170"}],"wp:term":[{"taxonomy":"category","embeddable":true,"href":"https:\/\/jr1.com.br\/shopping\/wp-json\/wp\/v2\/categories?post=107170"},{"taxonomy":"post_tag","embeddable":true,"href":"https:\/\/jr1.com.br\/shopping\/wp-json\/wp\/v2\/tags?post=107170"}],"curies":[{"name":"wp","href":"https:\/\/api.w.org\/{rel}","templated":true}]}}