{"id":10732,"date":"2025-08-30T18:31:29","date_gmt":"2025-08-30T18:31:29","guid":{"rendered":"https:\/\/jr1.com.br\/shopping\/2025\/08\/30\/mini-berco-100-mdf-com-rodizios-branco-ype-38605495044\/"},"modified":"2025-08-30T18:31:29","modified_gmt":"2025-08-30T18:31:29","slug":"mini-berco-100-mdf-com-rodizios-branco-ype-38605495044","status":"publish","type":"post","link":"https:\/\/jr1.com.br\/shopping\/2025\/08\/30\/mini-berco-100-mdf-com-rodizios-branco-ype-38605495044\/","title":{"rendered":"Mini Ber\u00e7o 100% MDF com Rod\u00edzios Branco\/Yp\u00ea &#8211; 38605495044"},"content":{"rendered":"<h2><\/h2>\n<h3>O pre\u00e7o de Mini Ber\u00e7o 100% MDF com Rod\u00edzios Branco\/Yp\u00ea no dia acima especificado era de <strong>R$ 275.67<\/strong>.<\/h3>\n<p>Confira o pre\u00e7o atual aqui: <a href=\"https:\/\/www.casatema.com.br\/mini-berco-100--mdf-com-rodizios-branco-ype\/p?idsku=777555?utm_source=awin&#038;utm_medium=aff&#038;utm_campaign=690303&#038;utm_content=u1&#038;utm_term=&#038;sv1=affiliate&#038;sv_campaign_id=690303&#038;awc=64882_1747143695_604e9a136a087f3da65a6e07584fd7f3\" target=\"_blank\" rel=\"noopener sponsored\"><img decoding=\"async\" src=\"https:\/\/ui.awin.com\/images\/upload\/merchant\/profile\/100453.png\" alt=\"Mini Ber\u00e7o 100% MDF com Rod\u00edzios Branco\/Yp\u00ea\" \/> &#8211; nas lojas  Casa Tema BR<\/a><\/p>\n<p><img decoding=\"async\" src=\"https:\/\/casatema.vteximg.com.br\/arquivos\/ids\/873259_2\" alt=\"Mini Ber\u00e7o 100% MDF com Rod\u00edzios Branco\/Yp\u00ea\" \/><br \/>\nMini Ber\u00e7o 100% MDF com Rod\u00edzios Branco\/Yp\u00eaMini Ber\u00e7o 100% MDF com Rod\u00edzios Branco\/Yp\u00ea. Este Mini Ber\u00e7o 100% MDF \u00e9 um produto que vai levar mais eleg\u00e2ncia e sofistica\u00e7\u00e3o para o quarto do seu beb\u00ea. Produzido com MDF, madeira resistente que garante estabilidade e seguran\u00e7a, ele \u00e9 a melhor op\u00e7\u00e3o para deixar que seu anjinho descanse seguro.Caracter\u00edsticas:Cor: Branco\/Yp\u00eaProfundidade: 45Possui Portas: N\u00e3oComplexidade da Montagem: M\u00e9dia: pode ser montado por mais de uma pessoa e\/ou necessite de maior conhecimento para montagemSistema de Montagem: Parafusos auto-atarrachantes e buchas americanas.Necessita Montagem: SimAltura: 88.5Largura: 94Peso: 17Sistema Anti-Refluxo: N\u00e3oAcabamento: PinturaMaterial Principal: MDFOrigem do Produto: NacionalPort\u00e1til: N\u00e3oPossui Prateleiras: N\u00e3oPintura At\u00f3xica: N\u00e3oSuporta At\u00e9 (kg): 30Cor do Produto: Branco\/Yp\u00eaItens Inclusos: 1 Mini Ber\u00e7o, Kit Ferragens e Manual de Montagem.Cor Predominante: MarromPossui P\u00e9s: 04Escala de Brilho: AcetinadoAltura dos P\u00e9s: 6Material dos P\u00e9s: Pl\u00e1sticoAcabamento dos P\u00e9s: PinturaRod\u00edzio com Trava: N\u00e3oPossui Rod\u00edzio: SimSapatas Niveladoras: N\u00e3oInforma\u00e7\u00f5es Complementares: Miniber\u00e7o 100% MDF com sistema de fixa\u00e7\u00e3o por buchas americanas, acompanha kit rod\u00edzios. Colch\u00e3o incluso.Tipo de Grade: FixaGarantia: 03 mesesAmbiente Principal: Quarto de Beb\u00eaMaterial da Grade: Grades em MDF 15mmTipo de Estrado: Remov\u00edvelAcompanha Suporte para Mosquiteiro: Sim &#8211; Sem V\u00e9uCertificado: BER-619\/2017-6Acompanha Dossel: N\u00e3oAcompanha M\u00f3bile: N\u00e3oPossui Gavetas: N\u00e3oMultifun\u00e7\u00e3o Flex: N\u00e3oMaterial do Estrado: MDFEstilo: Contempor\u00e2neoAltura do Estrado at\u00e9 o Ch\u00e3o: 54Estrado com Regulagem de Altura: N\u00e3oTamanho do Colch\u00e3o Indicado (L x C): 91cmx39cmAcompanha Colch\u00e3o: N\u00e3oPermite a Utiliza\u00e7\u00e3o de Cama Auxiliar: N\u00e3oAcompanha Cama Auxiliar: N\u00e3oRecomenda\u00e7\u00f5es de Uso, Manuten\u00e7\u00e3o e Limpeza: Limpeza com pano macio e levemente umedecido. N\u00e3o utilizar solventes a base e de inflam\u00e1veis. N\u00e3o utilizar produtos abrasivos.<\/p>\n<h4>Aproveite e pesquise o pre\u00e7o deste produto em dezenas de lojas dos marketplaces abaixo:<\/h4>\n<p><a href=\"https:\/\/www.magazinevoce.com.br\/magazineezu\/busca\/Mini Ber\u00e7o 100% MDF com Rod\u00edzios Branco\/Yp\u00ea\/\" target=\"_blank\" rel=\"noopener\"><img decoding=\"async\" src=\"https:\/\/mvc.mlcdn.com.br\/ad\/2503_superofertas.png\" alt=\"Pesquise no Magazine eZu\" \/> &#8211; da Parceria MAGALU<\/a>.<\/p>\n<p>Ainda n\u00e3o encontrou a melhor op\u00e7\u00e3o de compra? Oferecemos mais uma possibilidade de <strong>busca<\/strong> mais ampla para <a href=\"https:\/\/ecompare.com.br\/lojas\/resultados-da-pesquisa\/?q=Mini Ber\u00e7o 100% MDF com Rod\u00edzios Branco\/Yp\u00ea#gsc.tab=0&amp;gsc.q=Mini Ber\u00e7o 100% MDF com Rod\u00edzios Branco\/Yp\u00ea&amp;gsc.page=1\" target=\"_blank\" rel=\"noopener\">Mini Ber\u00e7o 100% MDF com Rod\u00edzios Branco\/Yp\u00ea, clique e continue <strong>pesquisando&#8230;<\/strong><\/a><\/p>\n<hr \/>\n","protected":false},"excerpt":{"rendered":"<p>R$ 275.67 nas lojas <a href=\"https:\/\/www.awin1.com\/pclick.php?p=38605495044&#038;a=690303&#038;m=100453\" target=\"_blank\" rel=\"sponsored\">Casa Tema BR<\/a><\/p>\n","protected":false},"author":1,"featured_media":0,"comment_status":"closed","ping_status":"closed","sticky":false,"template":"","format":"standard","meta":{"footnotes":""},"categories":[2],"tags":[21],"class_list":["post-10732","post","type-post","status-publish","format-standard","hentry","category-produtos","tag-casa-tema-br"],"_links":{"self":[{"href":"https:\/\/jr1.com.br\/shopping\/wp-json\/wp\/v2\/posts\/10732","targetHints":{"allow":["GET"]}}],"collection":[{"href":"https:\/\/jr1.com.br\/shopping\/wp-json\/wp\/v2\/posts"}],"about":[{"href":"https:\/\/jr1.com.br\/shopping\/wp-json\/wp\/v2\/types\/post"}],"author":[{"embeddable":true,"href":"https:\/\/jr1.com.br\/shopping\/wp-json\/wp\/v2\/users\/1"}],"replies":[{"embeddable":true,"href":"https:\/\/jr1.com.br\/shopping\/wp-json\/wp\/v2\/comments?post=10732"}],"version-history":[{"count":0,"href":"https:\/\/jr1.com.br\/shopping\/wp-json\/wp\/v2\/posts\/10732\/revisions"}],"wp:attachment":[{"href":"https:\/\/jr1.com.br\/shopping\/wp-json\/wp\/v2\/media?parent=10732"}],"wp:term":[{"taxonomy":"category","embeddable":true,"href":"https:\/\/jr1.com.br\/shopping\/wp-json\/wp\/v2\/categories?post=10732"},{"taxonomy":"post_tag","embeddable":true,"href":"https:\/\/jr1.com.br\/shopping\/wp-json\/wp\/v2\/tags?post=10732"}],"curies":[{"name":"wp","href":"https:\/\/api.w.org\/{rel}","templated":true}]}}