{"id":107551,"date":"2026-03-27T17:47:17","date_gmt":"2026-03-27T17:47:17","guid":{"rendered":"https:\/\/jr1.com.br\/shopping\/2026\/03\/27\/mariana-saad-by-oceane-special-day-paleta-de-sombras-306g\/"},"modified":"2026-03-27T17:47:17","modified_gmt":"2026-03-27T17:47:17","slug":"mariana-saad-by-oceane-special-day-paleta-de-sombras-306g","status":"publish","type":"post","link":"https:\/\/jr1.com.br\/shopping\/2026\/03\/27\/mariana-saad-by-oceane-special-day-paleta-de-sombras-306g\/","title":{"rendered":"Mariana Saad By Oc\u00e9ane Special Day &#8211; Paleta de Sombras 30,6g"},"content":{"rendered":"<h2>Sa\u00fade e beleza > Cuidados pessoais > Cosm\u00e9ticos > Maquiagem > Maquiagem para os olhos > Sombras<\/h2>\n<h3>O pre\u00e7o de Mariana Saad By Oc\u00e9ane Special Day &#8211; Paleta de Sombras 30,6g no dia acima especificado era de <strong>R$ 213.90<\/strong>.<\/h3>\n<p>Confira o pre\u00e7o atual aqui: <a href=\"https:\/\/www.awin1.com\/pclick.php?p=40666777268&#038;a=690303&#038;m=62481\" rel=\"noopener sponsored\"><img decoding=\"async\" src=\"https:\/\/ui.awin.com\/images\/upload\/merchant\/profile\/62481.png\" alt=\"Mariana Saad By Oc\u00e9ane Special Day - Paleta de Sombras 30,6g\" \/> &#8211; nas lojas Beleza na Web PRO BR<\/a><\/p>\n<p><img decoding=\"async\" src=\"https:\/\/res.cloudinary.com\/beleza-na-web\/image\/upload\/w_1500\/f_auto\/fl_progressive\/q_auto:best\/v1\/imagens\/product\/88221\/33021d1f-26b2-49d3-9935-49139d627f00-88221-oceane-special-day-paleta-de-sombras-30-6g.png\" alt=\"Mariana Saad By Oc\u00e9ane Special Day - Paleta de Sombras 30,6g\" \/><br \/>\nPaleta de sombras com 4 cores opacas e 5 cintilantes. Mariana Saad By Oc\u00e9ane Special Day oferece pigmenta\u00e7\u00e3o perfeita e alto poder de fixa\u00e7\u00e3o, al\u00e9m de permitir a cria\u00e7\u00e3o dos mais diversos visuais. A Paleta de Sombras Mariana Saad By Oc\u00e9ane Special Day chegou para revolucionar a sua make do dia ou da noite. Com op\u00e7\u00f5es incr\u00edveis para todos os gostos, moods e estilos, o produto traz um toque extra de magia para tornar cada momento da sua rotina em um acontecimento incrivelmente especial.<\/p>\n<h4>Aproveite e pesquise o pre\u00e7o deste produto em dezenas de lojas dos marketplaces abaixo:<\/h4>\n<p><a href=\"https:\/\/www.magazinevoce.com.br\/magazineezu\/busca\/Mariana Saad By Oc\u00e9ane Special Day - Paleta de Sombras 30,6g\/\" target=\"_blank\" rel=\"noopener\"><img decoding=\"async\" src=\"https:\/\/mvc.mlcdn.com.br\/ad\/2503_superofertas.png\" alt=\"Pesquise no Magazine eZu\" \/> &#8211; da Parceria MAGALU<\/a>.<\/p>\n<p>Ainda n\u00e3o encontrou a melhor op\u00e7\u00e3o de compra? Oferecemos mais uma possibilidade de <strong>busca<\/strong> mais ampla para <a href=\"https:\/\/ecompare.com.br\/lojas\/resultados-da-pesquisa\/?q=Mariana Saad By Oc\u00e9ane Special Day - Paleta de Sombras 30,6g#gsc.tab=0&amp;gsc.q=Mariana Saad By Oc\u00e9ane Special Day - Paleta de Sombras 30,6g&amp;gsc.page=1\" target=\"_blank\" rel=\"noopener\">Mariana Saad By Oc\u00e9ane Special Day &#8211; Paleta de Sombras 30,6g, clique e continue <strong>pesquisando&#8230;<\/strong><\/a><\/p>\n<hr \/>\n","protected":false},"excerpt":{"rendered":"<p>R$ 213.90 nas lojas <a href=\"https:\/\/www.awin1.com\/pclick.php?p=40666777268&#038;a=690303&#038;m=62481\" target=\"_blank\" rel=\"sponsored\">Beleza na Web PRO BR<\/a><\/p>\n","protected":false},"author":1,"featured_media":0,"comment_status":"closed","ping_status":"closed","sticky":false,"template":"","format":"standard","meta":{"footnotes":""},"categories":[2],"tags":[2298,2949],"class_list":["post-107551","post","type-post","status-publish","format-standard","hentry","category-produtos","tag-213-90","tag-beleza-na-web-pro-br"],"_links":{"self":[{"href":"https:\/\/jr1.com.br\/shopping\/wp-json\/wp\/v2\/posts\/107551","targetHints":{"allow":["GET"]}}],"collection":[{"href":"https:\/\/jr1.com.br\/shopping\/wp-json\/wp\/v2\/posts"}],"about":[{"href":"https:\/\/jr1.com.br\/shopping\/wp-json\/wp\/v2\/types\/post"}],"author":[{"embeddable":true,"href":"https:\/\/jr1.com.br\/shopping\/wp-json\/wp\/v2\/users\/1"}],"replies":[{"embeddable":true,"href":"https:\/\/jr1.com.br\/shopping\/wp-json\/wp\/v2\/comments?post=107551"}],"version-history":[{"count":0,"href":"https:\/\/jr1.com.br\/shopping\/wp-json\/wp\/v2\/posts\/107551\/revisions"}],"wp:attachment":[{"href":"https:\/\/jr1.com.br\/shopping\/wp-json\/wp\/v2\/media?parent=107551"}],"wp:term":[{"taxonomy":"category","embeddable":true,"href":"https:\/\/jr1.com.br\/shopping\/wp-json\/wp\/v2\/categories?post=107551"},{"taxonomy":"post_tag","embeddable":true,"href":"https:\/\/jr1.com.br\/shopping\/wp-json\/wp\/v2\/tags?post=107551"}],"curies":[{"name":"wp","href":"https:\/\/api.w.org\/{rel}","templated":true}]}}