{"id":107929,"date":"2026-03-20T15:54:53","date_gmt":"2026-03-20T15:54:53","guid":{"rendered":"https:\/\/jr1.com.br\/shopping\/2026\/03\/20\/macrilan-w105-pincel-para-sombra\/"},"modified":"2026-03-20T15:54:53","modified_gmt":"2026-03-20T15:54:53","slug":"macrilan-w105-pincel-para-sombra","status":"publish","type":"post","link":"https:\/\/jr1.com.br\/shopping\/2026\/03\/20\/macrilan-w105-pincel-para-sombra\/","title":{"rendered":"Macrilan W105 &#8211; Pincel para Sombra"},"content":{"rendered":"<h2>Sa\u00fade e beleza > Cuidados pessoais > Cosm\u00e9ticos > Conjuntos de maquiagem<\/h2>\n<h3>O pre\u00e7o de Macrilan W105 &#8211; Pincel para Sombra no dia acima especificado era de <strong>R$ 9.90<\/strong>.<\/h3>\n<p>Confira o pre\u00e7o atual aqui: <a href=\"https:\/\/www.awin1.com\/pclick.php?p=40666777771&#038;a=690303&#038;m=62481\" rel=\"noopener sponsored\"><img decoding=\"async\" src=\"https:\/\/ui.awin.com\/images\/upload\/merchant\/profile\/62481.png\" alt=\"Macrilan W105 - Pincel para Sombra\" \/> &#8211; nas lojas Beleza na Web PRO BR<\/a><\/p>\n<p><img decoding=\"async\" src=\"https:\/\/res.cloudinary.com\/beleza-na-web\/image\/upload\/w_1500\/f_auto\/fl_progressive\/q_auto:best\/v1\/imagens\/product\/89289\/6f2dd6a4-b704-4ec4-a7c0-f82ee1028572-89289-macrilan-linha-w-pincel-profissional-para-sombra-w105.png\" alt=\"Macrilan W105 - Pincel para Sombra\" \/><br \/>\nPincel profissional para sombra. O Macrilan W105 Pincel para Sombra proporciona um acabamento impec\u00e1vel para a sombra e o esfumado. Afinal, um olhar marcante \u00e9 indispens\u00e1vel para transformar qualquer look em um verdadeiro sucesso. O Pincel para Sombra Macrilan W105 \u00e9 produzido com fios sint\u00e9ticos ultramacios, perfeitos para aplicar e esfumar sombra em p\u00f3 ou cremosas, al\u00e9m de fazer aquela bel\u00edssima mistura de tons nas p\u00e1lpebras, produzindo um efeito glamuroso nos olhos. O formato do Pincel para Sombra Macrilan W105 garante uma aplica\u00e7\u00e3o precisa da maquiagem. Assim, voc\u00ea cria looks incr\u00edveis, desde os mais b\u00e1sicos at\u00e9 os mais ousados. Este pincel para sombra vai dar o acabamento suave, uniforme e profissional que voc\u00ea tanto deseja para sua make. Seu cabo \u00e9 feito em metal chumbo e madeira na cor branca perolada, uma combina\u00e7\u00e3o de materiais leve e f\u00e1cil de manusear, al\u00e9m de ser super bonito e duradouro. Definitivamente, um must-have nas maletas de maquiagem, seja voc\u00ea profissional ou uma amante das makes.<\/p>\n<h4>Aproveite e pesquise o pre\u00e7o deste produto em dezenas de lojas dos marketplaces abaixo:<\/h4>\n<p><a href=\"https:\/\/www.magazinevoce.com.br\/magazineezu\/busca\/Macrilan W105 - Pincel para Sombra\/\" target=\"_blank\" rel=\"noopener\"><img decoding=\"async\" src=\"https:\/\/mvc.mlcdn.com.br\/ad\/2503_superofertas.png\" alt=\"Pesquise no Magazine eZu\" \/> &#8211; da Parceria MAGALU<\/a>.<\/p>\n<p>Ainda n\u00e3o encontrou a melhor op\u00e7\u00e3o de compra? Oferecemos mais uma possibilidade de <strong>busca<\/strong> mais ampla para <a href=\"https:\/\/ecompare.com.br\/lojas\/resultados-da-pesquisa\/?q=Macrilan W105 - Pincel para Sombra#gsc.tab=0&amp;gsc.q=Macrilan W105 - Pincel para Sombra&amp;gsc.page=1\" target=\"_blank\" rel=\"noopener\">Macrilan W105 &#8211; Pincel para Sombra, clique e continue <strong>pesquisando&#8230;<\/strong><\/a><\/p>\n<hr \/>\n","protected":false},"excerpt":{"rendered":"<p>R$ 9.90 nas lojas <a href=\"https:\/\/www.awin1.com\/pclick.php?p=40666777771&#038;a=690303&#038;m=62481\" target=\"_blank\" rel=\"sponsored\">Beleza na Web PRO BR<\/a><\/p>\n","protected":false},"author":1,"featured_media":0,"comment_status":"closed","ping_status":"closed","sticky":false,"template":"","format":"standard","meta":{"footnotes":""},"categories":[2],"tags":[2558,2949],"class_list":["post-107929","post","type-post","status-publish","format-standard","hentry","category-produtos","tag-9-90","tag-beleza-na-web-pro-br"],"_links":{"self":[{"href":"https:\/\/jr1.com.br\/shopping\/wp-json\/wp\/v2\/posts\/107929","targetHints":{"allow":["GET"]}}],"collection":[{"href":"https:\/\/jr1.com.br\/shopping\/wp-json\/wp\/v2\/posts"}],"about":[{"href":"https:\/\/jr1.com.br\/shopping\/wp-json\/wp\/v2\/types\/post"}],"author":[{"embeddable":true,"href":"https:\/\/jr1.com.br\/shopping\/wp-json\/wp\/v2\/users\/1"}],"replies":[{"embeddable":true,"href":"https:\/\/jr1.com.br\/shopping\/wp-json\/wp\/v2\/comments?post=107929"}],"version-history":[{"count":0,"href":"https:\/\/jr1.com.br\/shopping\/wp-json\/wp\/v2\/posts\/107929\/revisions"}],"wp:attachment":[{"href":"https:\/\/jr1.com.br\/shopping\/wp-json\/wp\/v2\/media?parent=107929"}],"wp:term":[{"taxonomy":"category","embeddable":true,"href":"https:\/\/jr1.com.br\/shopping\/wp-json\/wp\/v2\/categories?post=107929"},{"taxonomy":"post_tag","embeddable":true,"href":"https:\/\/jr1.com.br\/shopping\/wp-json\/wp\/v2\/tags?post=107929"}],"curies":[{"name":"wp","href":"https:\/\/api.w.org\/{rel}","templated":true}]}}