{"id":10799,"date":"2025-08-04T04:40:38","date_gmt":"2025-08-04T04:40:38","guid":{"rendered":"https:\/\/jr1.com.br\/shopping\/2025\/08\/04\/conjunto-para-quarto-de-bebe-com-comoda-e-berco-retro-moveis-peroba-branco-brilho-carvalho-38605496012\/"},"modified":"2025-08-04T04:40:38","modified_gmt":"2025-08-04T04:40:38","slug":"conjunto-para-quarto-de-bebe-com-comoda-e-berco-retro-moveis-peroba-branco-brilho-carvalho-38605496012","status":"publish","type":"post","link":"https:\/\/jr1.com.br\/shopping\/2025\/08\/04\/conjunto-para-quarto-de-bebe-com-comoda-e-berco-retro-moveis-peroba-branco-brilho-carvalho-38605496012\/","title":{"rendered":"Conjunto para Quarto de Beb\u00ea com C\u00f4moda e Ber\u00e7o Retr\u00f4 M\u00f3veis Peroba Branco Brilho\/Carvalho &#8211; 38605496012"},"content":{"rendered":"<h2><\/h2>\n<h3>O pre\u00e7o de Conjunto para Quarto de Beb\u00ea com C\u00f4moda e Ber\u00e7o Retr\u00f4 M\u00f3veis Peroba Branco Brilho\/Carvalho no dia acima especificado era de <strong>R$ 1194.61<\/strong>.<\/h3>\n<p>Confira o pre\u00e7o atual aqui: <a href=\"https:\/\/www.casatema.com.br\/conjunto-para-quarto-de-bebe-com-comoda-e-berco-retro-moveis-peroba-branco-brilho-carvalho\/p?idsku=791047?utm_source=awin&#038;utm_medium=aff&#038;utm_campaign=690303&#038;utm_content=u1&#038;utm_term=&#038;sv1=affiliate&#038;sv_campaign_id=690303&#038;awc=64882_1747143695_604e9a136a087f3da65a6e07584fd7f3\" target=\"_blank\" rel=\"noopener sponsored\"><img decoding=\"async\" src=\"https:\/\/ui.awin.com\/images\/upload\/merchant\/profile\/100453.png\" alt=\"Conjunto para Quarto de Beb\u00ea com C\u00f4moda e Ber\u00e7o Retr\u00f4 M\u00f3veis Peroba Branco Brilho\/Carvalho\" \/> &#8211; nas lojas  Casa Tema BR<\/a><\/p>\n<p><img decoding=\"async\" src=\"https:\/\/casatema.vteximg.com.br\/arquivos\/ids\/899410_2\" alt=\"Conjunto para Quarto de Beb\u00ea com C\u00f4moda e Ber\u00e7o Retr\u00f4 M\u00f3veis Peroba Branco Brilho\/Carvalho\" \/><br \/>\nConjunto para Quarto de Beb\u00ea com C\u00f4moda e Ber\u00e7o Retr\u00f4 M\u00f3veis Peroba Branco Brilho\/CarvalhoConjunto para Quarto de Beb\u00ea com C\u00f4moda e Ber\u00e7o Retr\u00f4 M\u00f3veis Peroba Branco Brilho\/Carvalho. Inspirado no estilo retr\u00f4 do passado com um toque de modernidade a linha Retr\u00f4 da M\u00f3veis Peroba \u00e9 encantadora. O ber\u00e7o \u00e9 certificado pelo INMETRO no registro 000781\/2018, tem a op\u00e7\u00e3o de ser utilizado como mini cama, acompanha um suporte para mosquiteiro e a base do colch\u00e3o \u00e9 regul\u00e1vel em 3 op\u00e7\u00f5es de altura, aumentando o conforto no uso di\u00e1rio e na seguran\u00e7a com o crescimento do seu pequeno(a). S\u00e3o m\u00f3veis com acabamento em pintura UV at\u00f3xica e com a qualidade de ser produzido em 100% MDF. As gavetas possuem corredi\u00e7as telesc\u00f3picas e suportam at\u00e9 4kg cada. Tudo para oferecer um quartinho aconchegante, pratico e lindo para o seu beb\u00ea.Caracter\u00edsticas:Cor: Branco Brilho\/CarvalhoCor do Produto: Branco Brilho\/CarvalhoAcabamento da Gaveta: VernizComplexidade da Montagem: M\u00e9dia: pode ser montado por mais de uma pessoa e\/ou necessite de maior conhecimento para montagemEstrado Regul\u00e1vel em Quantas Posi\u00e7\u00f5es: 03Necessita Montagem: SimPossui Certificado: SimAcompanha Cama Auxiliar: N\u00e3oAcompanha Manual de Instala\u00e7\u00e3o: SimSistema de Montagem: Parafusos autoatarraxantes, conjuntos minifix, cavilhas de madeira, acess\u00f3rios pl\u00e1sticos e met\u00e1licosEscala de Brilho: BrilhanteSuporta At\u00e9 (kg): 40.0000Cor Predominante: BrancoPermite a Utiliza\u00e7\u00e3o de Cama Auxiliar: N\u00e3oMaterial da Gaveta: MDFTipo de Estrado: Remov\u00edvelGarantia: 03 mesesAmbiente: Quarto de Beb\u00eaAcabamento: VernizAmbiente Principal: Quarto de Beb\u00eaPossui Rod\u00edzio: N\u00e3oMaterial Principal: MDFAcompanha Colch\u00e3o: N\u00e3oEstrado com Regulagem de Altura: SimPintura At\u00f3xica: SimEstilo: Retr\u00f4Recomenda\u00e7\u00f5es de Uso, Manuten\u00e7\u00e3o e Limpeza: Para limpeza utilize somente pano limpo e macio, ligeiramente umidecido em \u00e1gua (apenas o bastante para remover a poeira), seguido de um pano seco.<\/p>\n<h4>Aproveite e pesquise o pre\u00e7o deste produto em dezenas de lojas dos marketplaces abaixo:<\/h4>\n<p><a href=\"https:\/\/www.magazinevoce.com.br\/magazineezu\/busca\/Conjunto para Quarto de Beb\u00ea com C\u00f4moda e Ber\u00e7o Retr\u00f4 M\u00f3veis Peroba Branco Brilho\/Carvalho\/\" target=\"_blank\" rel=\"noopener\"><img decoding=\"async\" src=\"https:\/\/mvc.mlcdn.com.br\/ad\/2503_superofertas.png\" alt=\"Pesquise no Magazine eZu\" \/> &#8211; da Parceria MAGALU<\/a>.<\/p>\n<p>Ainda n\u00e3o encontrou a melhor op\u00e7\u00e3o de compra? Oferecemos mais uma possibilidade de <strong>busca<\/strong> mais ampla para <a href=\"https:\/\/ecompare.com.br\/lojas\/resultados-da-pesquisa\/?q=Conjunto para Quarto de Beb\u00ea com C\u00f4moda e Ber\u00e7o Retr\u00f4 M\u00f3veis Peroba Branco Brilho\/Carvalho#gsc.tab=0&amp;gsc.q=Conjunto para Quarto de Beb\u00ea com C\u00f4moda e Ber\u00e7o Retr\u00f4 M\u00f3veis Peroba Branco Brilho\/Carvalho&amp;gsc.page=1\" target=\"_blank\" rel=\"noopener\">Conjunto para Quarto de Beb\u00ea com C\u00f4moda e Ber\u00e7o Retr\u00f4 M\u00f3veis Peroba Branco Brilho\/Carvalho, clique e continue <strong>pesquisando&#8230;<\/strong><\/a><\/p>\n<hr \/>\n","protected":false},"excerpt":{"rendered":"<p>R$ 1194.61 nas lojas <a href=\"https:\/\/www.awin1.com\/pclick.php?p=38605496012&#038;a=690303&#038;m=100453\" target=\"_blank\" rel=\"sponsored\">Casa Tema BR<\/a><\/p>\n","protected":false},"author":1,"featured_media":0,"comment_status":"closed","ping_status":"closed","sticky":false,"template":"","format":"standard","meta":{"footnotes":""},"categories":[2],"tags":[21],"class_list":["post-10799","post","type-post","status-publish","format-standard","hentry","category-produtos","tag-casa-tema-br"],"_links":{"self":[{"href":"https:\/\/jr1.com.br\/shopping\/wp-json\/wp\/v2\/posts\/10799","targetHints":{"allow":["GET"]}}],"collection":[{"href":"https:\/\/jr1.com.br\/shopping\/wp-json\/wp\/v2\/posts"}],"about":[{"href":"https:\/\/jr1.com.br\/shopping\/wp-json\/wp\/v2\/types\/post"}],"author":[{"embeddable":true,"href":"https:\/\/jr1.com.br\/shopping\/wp-json\/wp\/v2\/users\/1"}],"replies":[{"embeddable":true,"href":"https:\/\/jr1.com.br\/shopping\/wp-json\/wp\/v2\/comments?post=10799"}],"version-history":[{"count":0,"href":"https:\/\/jr1.com.br\/shopping\/wp-json\/wp\/v2\/posts\/10799\/revisions"}],"wp:attachment":[{"href":"https:\/\/jr1.com.br\/shopping\/wp-json\/wp\/v2\/media?parent=10799"}],"wp:term":[{"taxonomy":"category","embeddable":true,"href":"https:\/\/jr1.com.br\/shopping\/wp-json\/wp\/v2\/categories?post=10799"},{"taxonomy":"post_tag","embeddable":true,"href":"https:\/\/jr1.com.br\/shopping\/wp-json\/wp\/v2\/tags?post=10799"}],"curies":[{"name":"wp","href":"https:\/\/api.w.org\/{rel}","templated":true}]}}