{"id":108008,"date":"2026-03-18T13:50:46","date_gmt":"2026-03-18T13:50:46","guid":{"rendered":"https:\/\/jr1.com.br\/shopping\/2026\/03\/18\/vizzela-cosmeticos-01-po-compacto-9g\/"},"modified":"2026-03-18T13:50:46","modified_gmt":"2026-03-18T13:50:46","slug":"vizzela-cosmeticos-01-po-compacto-9g","status":"publish","type":"post","link":"https:\/\/jr1.com.br\/shopping\/2026\/03\/18\/vizzela-cosmeticos-01-po-compacto-9g\/","title":{"rendered":"Vizzela Cosm\u00e9ticos 01 &#8211; P\u00f3 Compacto 9g"},"content":{"rendered":"<h2>Sa\u00fade e beleza > Cuidados pessoais > Cosm\u00e9ticos > Maquiagem > Maquiagem para o rosto > P\u00f3 facial<\/h2>\n<h3>O pre\u00e7o de Vizzela Cosm\u00e9ticos 01 &#8211; P\u00f3 Compacto 9g no dia acima especificado era de <strong>R$ 79.00<\/strong>.<\/h3>\n<p>Confira o pre\u00e7o atual aqui: <a href=\"https:\/\/www.awin1.com\/pclick.php?p=40666777850&#038;a=690303&#038;m=62481\" rel=\"noopener sponsored\"><img decoding=\"async\" src=\"https:\/\/ui.awin.com\/images\/upload\/merchant\/profile\/62481.png\" alt=\"Vizzela Cosm\u00e9ticos 01 - P\u00f3 Compacto 9g\" \/> &#8211; nas lojas Beleza na Web PRO BR<\/a><\/p>\n<p><img decoding=\"async\" src=\"https:\/\/res.cloudinary.com\/beleza-na-web\/image\/upload\/w_1500\/f_auto\/fl_progressive\/q_auto:best\/v1\/imagens\/product\/89407\/a7b65041-a6ad-41b2-b6e4-d944d46a31bd-89407-vizzela-cosmeticos-po-compacto-cor-01-9g.png\" alt=\"Vizzela Cosm\u00e9ticos 01 - P\u00f3 Compacto 9g\" \/><br \/>\nP\u00f3 compacto com acabamento matte. Vizzela Cosm\u00e9ticos proporciona efeito matte com tecnologia Velvet HD, garantindo toque aveludado. O P\u00f3 Compacto Vizzela Cosm\u00e9ticos possui f\u00f3rmula micronizada, com part\u00edculas ultrafinas que oferecem um acabamento leve, confort\u00e1vel e natural, deixando a pele com um toque sedoso. Dispon\u00edvel em 12 cores diferentes, conta com f\u00f3rmula vegana, cruelty-free, dermatologicamente testada e livre de parabenos. Benef\u00edcios do P\u00f3 Compacto Vizzela: \u25b8 Tecnologia Velvet HD que promove acabamento matte aveludado \u25b8 Part\u00edculas micronizadas ultrafinas para um resultado natural \u25b8 Conforto extremo sem marcar linhas de express\u00e3o ou poros \u25b8 Controle eficaz do brilho e da oleosidade \u25b8 Textura sedosa que facilita a aplica\u00e7\u00e3o e o esfumado \u25b8 Produto dermatologicamente testado e livre de parabenos \u25b8 F\u00f3rmula vegana e selo cruelty-free A Vizzela Cosm\u00e9ticos \u00e9 uma marca brasileira de maquiagem e cuidados com a pele conhecida por ser 100% vegana e cruelty-free. A marca celebra a diversidade e individualidade, oferecendo produtos de qualidade com pre\u00e7o acess\u00edvel. Encontre aqui os outros produtos da marca Vizzela Cosm\u00e9ticos .<\/p>\n<h4>Aproveite e pesquise o pre\u00e7o deste produto em dezenas de lojas dos marketplaces abaixo:<\/h4>\n<p><a href=\"https:\/\/www.magazinevoce.com.br\/magazineezu\/busca\/Vizzela Cosm\u00e9ticos 01 - P\u00f3 Compacto 9g\/\" target=\"_blank\" rel=\"noopener\"><img decoding=\"async\" src=\"https:\/\/mvc.mlcdn.com.br\/ad\/2503_superofertas.png\" alt=\"Pesquise no Magazine eZu\" \/> &#8211; da Parceria MAGALU<\/a>.<\/p>\n<p>Ainda n\u00e3o encontrou a melhor op\u00e7\u00e3o de compra? Oferecemos mais uma possibilidade de <strong>busca<\/strong> mais ampla para <a href=\"https:\/\/ecompare.com.br\/lojas\/resultados-da-pesquisa\/?q=Vizzela Cosm\u00e9ticos 01 - P\u00f3 Compacto 9g#gsc.tab=0&amp;gsc.q=Vizzela Cosm\u00e9ticos 01 - P\u00f3 Compacto 9g&amp;gsc.page=1\" target=\"_blank\" rel=\"noopener\">Vizzela Cosm\u00e9ticos 01 &#8211; P\u00f3 Compacto 9g, clique e continue <strong>pesquisando&#8230;<\/strong><\/a><\/p>\n<hr \/>\n","protected":false},"excerpt":{"rendered":"<p>R$ 79.00 nas lojas <a href=\"https:\/\/www.awin1.com\/pclick.php?p=40666777850&#038;a=690303&#038;m=62481\" target=\"_blank\" rel=\"sponsored\">Beleza na Web PRO BR<\/a><\/p>\n","protected":false},"author":1,"featured_media":0,"comment_status":"closed","ping_status":"closed","sticky":false,"template":"","format":"standard","meta":{"footnotes":""},"categories":[2],"tags":[2484,2949],"class_list":["post-108008","post","type-post","status-publish","format-standard","hentry","category-produtos","tag-79-00","tag-beleza-na-web-pro-br"],"_links":{"self":[{"href":"https:\/\/jr1.com.br\/shopping\/wp-json\/wp\/v2\/posts\/108008","targetHints":{"allow":["GET"]}}],"collection":[{"href":"https:\/\/jr1.com.br\/shopping\/wp-json\/wp\/v2\/posts"}],"about":[{"href":"https:\/\/jr1.com.br\/shopping\/wp-json\/wp\/v2\/types\/post"}],"author":[{"embeddable":true,"href":"https:\/\/jr1.com.br\/shopping\/wp-json\/wp\/v2\/users\/1"}],"replies":[{"embeddable":true,"href":"https:\/\/jr1.com.br\/shopping\/wp-json\/wp\/v2\/comments?post=108008"}],"version-history":[{"count":0,"href":"https:\/\/jr1.com.br\/shopping\/wp-json\/wp\/v2\/posts\/108008\/revisions"}],"wp:attachment":[{"href":"https:\/\/jr1.com.br\/shopping\/wp-json\/wp\/v2\/media?parent=108008"}],"wp:term":[{"taxonomy":"category","embeddable":true,"href":"https:\/\/jr1.com.br\/shopping\/wp-json\/wp\/v2\/categories?post=108008"},{"taxonomy":"post_tag","embeddable":true,"href":"https:\/\/jr1.com.br\/shopping\/wp-json\/wp\/v2\/tags?post=108008"}],"curies":[{"name":"wp","href":"https:\/\/api.w.org\/{rel}","templated":true}]}}