{"id":109145,"date":"2026-03-18T21:59:48","date_gmt":"2026-03-18T21:59:48","guid":{"rendered":"https:\/\/jr1.com.br\/shopping\/2026\/03\/18\/belliz-madeira-escova-raquete\/"},"modified":"2026-03-18T21:59:48","modified_gmt":"2026-03-18T21:59:48","slug":"belliz-madeira-escova-raquete","status":"publish","type":"post","link":"https:\/\/jr1.com.br\/shopping\/2026\/03\/18\/belliz-madeira-escova-raquete\/","title":{"rendered":"Belliz Madeira &#8211; Escova Raquete"},"content":{"rendered":"<h2>Sa\u00fade e beleza > Cuidados pessoais > Cuidados com os cabelos<\/h2>\n<h3>O pre\u00e7o de Belliz Madeira &#8211; Escova Raquete no dia acima especificado era de <strong>R$ 38.90<\/strong>.<\/h3>\n<p>Confira o pre\u00e7o atual aqui: <a href=\"https:\/\/www.awin1.com\/pclick.php?p=40666779341&#038;a=690303&#038;m=62481\" rel=\"noopener sponsored\"><img decoding=\"async\" src=\"https:\/\/ui.awin.com\/images\/upload\/merchant\/profile\/62481.png\" alt=\"Belliz Madeira - Escova Raquete\" \/> &#8211; nas lojas Beleza na Web PRO BR<\/a><\/p>\n<p><img decoding=\"async\" src=\"https:\/\/res.cloudinary.com\/beleza-na-web\/image\/upload\/w_1500\/f_auto\/fl_progressive\/q_auto:best\/v1\/imagens\/product\/93039\/95d5115a-0245-4713-9113-dff46d7ccced-belliz-madeira-escova-raquete.png\" alt=\"Belliz Madeira - Escova Raquete\" \/><br \/>\nEscova de cabelo modelo raquete. Belliz Madeira proporciona f\u00e1cil desembara\u00e7o com redu\u00e7\u00e3o de eletricidade est\u00e1tica e diminui\u00e7\u00e3o do frizz. A Escova de Cabelo Belliz Madeira tem design almofadado, para suavidade ao entrar em contato com o couro cabeludo e deslizar, com pinos de madeira, ideal para todos os tipos de cabelo. Seu cabo anat\u00f4mico fornece maior conforto durante o uso.<\/p>\n<h4>Aproveite e pesquise o pre\u00e7o deste produto em dezenas de lojas dos marketplaces abaixo:<\/h4>\n<p><a href=\"https:\/\/www.magazinevoce.com.br\/magazineezu\/busca\/Belliz Madeira - Escova Raquete\/\" target=\"_blank\" rel=\"noopener\"><img decoding=\"async\" src=\"https:\/\/mvc.mlcdn.com.br\/ad\/2503_superofertas.png\" alt=\"Pesquise no Magazine eZu\" \/> &#8211; da Parceria MAGALU<\/a>.<\/p>\n<p>Ainda n\u00e3o encontrou a melhor op\u00e7\u00e3o de compra? Oferecemos mais uma possibilidade de <strong>busca<\/strong> mais ampla para <a href=\"https:\/\/ecompare.com.br\/lojas\/resultados-da-pesquisa\/?q=Belliz Madeira - Escova Raquete#gsc.tab=0&amp;gsc.q=Belliz Madeira - Escova Raquete&amp;gsc.page=1\" target=\"_blank\" rel=\"noopener\">Belliz Madeira &#8211; Escova Raquete, clique e continue <strong>pesquisando&#8230;<\/strong><\/a><\/p>\n<hr \/>\n","protected":false},"excerpt":{"rendered":"<p>R$ 38.90 nas lojas <a href=\"https:\/\/www.awin1.com\/pclick.php?p=40666779341&#038;a=690303&#038;m=62481\" target=\"_blank\" rel=\"sponsored\">Beleza na Web PRO BR<\/a><\/p>\n","protected":false},"author":1,"featured_media":0,"comment_status":"closed","ping_status":"closed","sticky":false,"template":"","format":"standard","meta":{"footnotes":""},"categories":[2],"tags":[2595,2949],"class_list":["post-109145","post","type-post","status-publish","format-standard","hentry","category-produtos","tag-38-90","tag-beleza-na-web-pro-br"],"_links":{"self":[{"href":"https:\/\/jr1.com.br\/shopping\/wp-json\/wp\/v2\/posts\/109145","targetHints":{"allow":["GET"]}}],"collection":[{"href":"https:\/\/jr1.com.br\/shopping\/wp-json\/wp\/v2\/posts"}],"about":[{"href":"https:\/\/jr1.com.br\/shopping\/wp-json\/wp\/v2\/types\/post"}],"author":[{"embeddable":true,"href":"https:\/\/jr1.com.br\/shopping\/wp-json\/wp\/v2\/users\/1"}],"replies":[{"embeddable":true,"href":"https:\/\/jr1.com.br\/shopping\/wp-json\/wp\/v2\/comments?post=109145"}],"version-history":[{"count":0,"href":"https:\/\/jr1.com.br\/shopping\/wp-json\/wp\/v2\/posts\/109145\/revisions"}],"wp:attachment":[{"href":"https:\/\/jr1.com.br\/shopping\/wp-json\/wp\/v2\/media?parent=109145"}],"wp:term":[{"taxonomy":"category","embeddable":true,"href":"https:\/\/jr1.com.br\/shopping\/wp-json\/wp\/v2\/categories?post=109145"},{"taxonomy":"post_tag","embeddable":true,"href":"https:\/\/jr1.com.br\/shopping\/wp-json\/wp\/v2\/tags?post=109145"}],"curies":[{"name":"wp","href":"https:\/\/api.w.org\/{rel}","templated":true}]}}