{"id":10923,"date":"2025-08-20T13:59:42","date_gmt":"2025-08-20T13:59:42","guid":{"rendered":"https:\/\/jr1.com.br\/shopping\/2025\/08\/20\/mesa-de-cabeceira-infantil-montessoriana-olivar-branco-38605495170\/"},"modified":"2025-08-20T13:59:42","modified_gmt":"2025-08-20T13:59:42","slug":"mesa-de-cabeceira-infantil-montessoriana-olivar-branco-38605495170","status":"publish","type":"post","link":"https:\/\/jr1.com.br\/shopping\/2025\/08\/20\/mesa-de-cabeceira-infantil-montessoriana-olivar-branco-38605495170\/","title":{"rendered":"Mesa de Cabeceira Infantil Montessoriana Olivar Branco &#8211; 38605495170"},"content":{"rendered":"<h2><\/h2>\n<h3>O pre\u00e7o de Mesa de Cabeceira Infantil Montessoriana Olivar Branco no dia acima especificado era de <strong>R$ 205.26<\/strong>.<\/h3>\n<p>Confira o pre\u00e7o atual aqui: <a href=\"https:\/\/www.casatema.com.br\/mesa-de-cabeceira-infantil-montessoriana-olivar-branco\/p?idsku=804900?utm_source=awin&#038;utm_medium=aff&#038;utm_campaign=690303&#038;utm_content=u1&#038;utm_term=&#038;sv1=affiliate&#038;sv_campaign_id=690303&#038;awc=64882_1747143695_604e9a136a087f3da65a6e07584fd7f3\" target=\"_blank\" rel=\"noopener sponsored\"><img decoding=\"async\" src=\"https:\/\/ui.awin.com\/images\/upload\/merchant\/profile\/100453.png\" alt=\"Mesa de Cabeceira Infantil Montessoriana Olivar Branco\" \/> &#8211; nas lojas  Casa Tema BR<\/a><\/p>\n<p><img decoding=\"async\" src=\"https:\/\/casatema.vteximg.com.br\/arquivos\/ids\/874555_2\" alt=\"Mesa de Cabeceira Infantil Montessoriana Olivar Branco\" \/><br \/>\nMesa de Cabeceira Infantil Montessoriana Olivar BrancoMesa de Cabeceira Infantil Montessoriana Olivar Branco. A Mesa de Cabeceira Montessori \u00e9 uma \u00f3tima op\u00e7\u00e3o para o quarto do seu filho, este M\u00e9todo Montessori \u00e9 caracterizado por estimular a autonomia, liberdade e respeitar o desenvolvimento natural das habilidades f\u00edsicas, sociais e psicol\u00f3gica da crian\u00e7a com seguran\u00e7a.Caracter\u00edsticas:Cor: BrancoPossui Prateleiras: 03Possui Gavetas: N\u00e3oPossui Rod\u00edzio: N\u00e3oCor Predominante: BrancoEscala de Brilho: Semi-BrilhoP\u00e9s Regul\u00e1veis: N\u00e3oMaterial dos P\u00e9s: Madeira Maci\u00e7aOrigem do Produto: NacionalSuporta At\u00e9 (kg): 15Ambiente Principal: Quarto InfantilMaterial Principal: MDF\/MDPNecessita Montagem: SimAcabamento dos P\u00e9s: VernizCor do Produto: BrancoSapatas Niveladoras: N\u00e3oSistema de Montagem: Parafusos, Minifix e CavilhasMaterial da Prateleira: MDPAcabamento da Prateleira: Pintura UVComplexidade da Montagem: M\u00e9dia: pode ser montado por mais de uma pessoa e\/ou necessite de maior conhecimento para montagemPeso M\u00e1ximo por Prateleira: 5Escala de Brilho da Prateleira: Semi-BrilhoTipo de Madeira Maci\u00e7a dos P\u00e9s: PinusItens Inclusos: 1 Mesa de Cabeceira, Kit Ferragens e Manual de MontagemPossui Espelho: N\u00e3oPossui Portas: N\u00e3oPossui Nichos: 02Peso: 8Altura: 61.5Estilo: Contempor\u00e2neoLargura: 38.5Cor Flex: N\u00e3oAcabamento: Pintura UVPossui P\u00e9s: 04Pet Friendly: N\u00e3oPossui Vidro: N\u00e3oProfundidade: 29Montagem Flex: N\u00e3oRecomenda\u00e7\u00f5es de Uso, Manuten\u00e7\u00e3o e Limpeza: Limpeza com pano umedecido. N\u00e3o aplicar lustra m\u00f3veis.Garantia: 03 meses<\/p>\n<h4>Aproveite e pesquise o pre\u00e7o deste produto em dezenas de lojas dos marketplaces abaixo:<\/h4>\n<p><a href=\"https:\/\/www.magazinevoce.com.br\/magazineezu\/busca\/Mesa de Cabeceira Infantil Montessoriana Olivar Branco\/\" target=\"_blank\" rel=\"noopener\"><img decoding=\"async\" src=\"https:\/\/mvc.mlcdn.com.br\/ad\/2503_superofertas.png\" alt=\"Pesquise no Magazine eZu\" \/> &#8211; da Parceria MAGALU<\/a>.<\/p>\n<p>Ainda n\u00e3o encontrou a melhor op\u00e7\u00e3o de compra? Oferecemos mais uma possibilidade de <strong>busca<\/strong> mais ampla para <a href=\"https:\/\/ecompare.com.br\/lojas\/resultados-da-pesquisa\/?q=Mesa de Cabeceira Infantil Montessoriana Olivar Branco#gsc.tab=0&amp;gsc.q=Mesa de Cabeceira Infantil Montessoriana Olivar Branco&amp;gsc.page=1\" target=\"_blank\" rel=\"noopener\">Mesa de Cabeceira Infantil Montessoriana Olivar Branco, clique e continue <strong>pesquisando&#8230;<\/strong><\/a><\/p>\n<hr \/>\n","protected":false},"excerpt":{"rendered":"<p>R$ 205.26 nas lojas <a href=\"https:\/\/www.awin1.com\/pclick.php?p=38605495170&#038;a=690303&#038;m=100453\" target=\"_blank\" rel=\"sponsored\">Casa Tema BR<\/a><\/p>\n","protected":false},"author":1,"featured_media":0,"comment_status":"closed","ping_status":"closed","sticky":false,"template":"","format":"standard","meta":{"footnotes":""},"categories":[2],"tags":[21],"class_list":["post-10923","post","type-post","status-publish","format-standard","hentry","category-produtos","tag-casa-tema-br"],"_links":{"self":[{"href":"https:\/\/jr1.com.br\/shopping\/wp-json\/wp\/v2\/posts\/10923","targetHints":{"allow":["GET"]}}],"collection":[{"href":"https:\/\/jr1.com.br\/shopping\/wp-json\/wp\/v2\/posts"}],"about":[{"href":"https:\/\/jr1.com.br\/shopping\/wp-json\/wp\/v2\/types\/post"}],"author":[{"embeddable":true,"href":"https:\/\/jr1.com.br\/shopping\/wp-json\/wp\/v2\/users\/1"}],"replies":[{"embeddable":true,"href":"https:\/\/jr1.com.br\/shopping\/wp-json\/wp\/v2\/comments?post=10923"}],"version-history":[{"count":0,"href":"https:\/\/jr1.com.br\/shopping\/wp-json\/wp\/v2\/posts\/10923\/revisions"}],"wp:attachment":[{"href":"https:\/\/jr1.com.br\/shopping\/wp-json\/wp\/v2\/media?parent=10923"}],"wp:term":[{"taxonomy":"category","embeddable":true,"href":"https:\/\/jr1.com.br\/shopping\/wp-json\/wp\/v2\/categories?post=10923"},{"taxonomy":"post_tag","embeddable":true,"href":"https:\/\/jr1.com.br\/shopping\/wp-json\/wp\/v2\/tags?post=10923"}],"curies":[{"name":"wp","href":"https:\/\/api.w.org\/{rel}","templated":true}]}}