{"id":109816,"date":"2026-03-04T07:14:31","date_gmt":"2026-03-04T07:14:31","guid":{"rendered":"https:\/\/jr1.com.br\/shopping\/2026\/03\/04\/loreal-professionnel-majirel-glow-light-l02-coloracao-permanente-50g\/"},"modified":"2026-03-04T07:14:31","modified_gmt":"2026-03-04T07:14:31","slug":"loreal-professionnel-majirel-glow-light-l02-coloracao-permanente-50g","status":"publish","type":"post","link":"https:\/\/jr1.com.br\/shopping\/2026\/03\/04\/loreal-professionnel-majirel-glow-light-l02-coloracao-permanente-50g\/","title":{"rendered":"L&#8217;Or\u00e9al Professionnel Majirel Glow Light L02 &#8211; Colora\u00e7\u00e3o Permanente 50g"},"content":{"rendered":"<h2>Sa\u00fade e beleza > Cuidados pessoais > Cuidados com os cabelos > Tintura para cabelo<\/h2>\n<h3>O pre\u00e7o de L&#8217;Or\u00e9al Professionnel Majirel Glow Light L02 &#8211; Colora\u00e7\u00e3o Permanente 50g no dia acima especificado era de <strong>R$ 40.90<\/strong>.<\/h3>\n<p>Confira o pre\u00e7o atual aqui: <a href=\"https:\/\/www.awin1.com\/pclick.php?p=40666779967&#038;a=690303&#038;m=62481\" rel=\"noopener sponsored\"><img decoding=\"async\" src=\"https:\/\/ui.awin.com\/images\/upload\/merchant\/profile\/62481.png\" alt=\"L'Or\u00e9al Professionnel Majirel Glow Light L02 - Colora\u00e7\u00e3o Permanente 50g\" \/> &#8211; nas lojas Beleza na Web PRO BR<\/a><\/p>\n<p><img decoding=\"async\" src=\"https:\/\/res.cloudinary.com\/beleza-na-web\/image\/upload\/w_1500\/f_auto\/fl_progressive\/q_auto:best\/v1\/imagens\/product\/94912\/8e3730b4-8096-4aa3-bc66-84cacf3156ae-loreal-professionnel-majirel-glow-light-base-02-coloracao-permanente-50g.png\" alt=\"L'Or\u00e9al Professionnel Majirel Glow Light L02 - Colora\u00e7\u00e3o Permanente 50g\" \/><br \/>\nColora\u00e7\u00e3o permanente. L&#8217;Or\u00e9al Professionnel Majirel Glow oferece aos fios brilho extremo e uma cor 4x mais transl\u00facida, com equil\u00edbrio de pigmentos espec\u00edficos para maior n\u00famero de reflexos. A Colora\u00e7\u00e3o L&#8217;Or\u00e9al Professionnel Majirel Glow traz f\u00f3rmula concentrada em cuidado com Ion\u00e9ne G, oferecendo cobertura total dos fios e cabelos mais condicionados ap\u00f3s o uso, com resultado extremamente duradouro e uniforme. A linha Majirel , de L&#8217;Or\u00e9al Professionnel , foi criada para proporcionar ao profissional possibilidades infinitas de cria\u00e7\u00e3o nos cabelos de clientes, com mais de 100 nuances e diversas combina\u00e7\u00f5es de cores para visual deslumbrante. Encontre aqui todos os tons das colora\u00e7\u00f5es Majirel .<\/p>\n<h4>Aproveite e pesquise o pre\u00e7o deste produto em dezenas de lojas dos marketplaces abaixo:<\/h4>\n<p><a href=\"https:\/\/www.magazinevoce.com.br\/magazineezu\/busca\/L'Or\u00e9al Professionnel Majirel Glow Light L02 - Colora\u00e7\u00e3o Permanente 50g\/\" target=\"_blank\" rel=\"noopener\"><img decoding=\"async\" src=\"https:\/\/mvc.mlcdn.com.br\/ad\/2503_superofertas.png\" alt=\"Pesquise no Magazine eZu\" \/> &#8211; da Parceria MAGALU<\/a>.<\/p>\n<p>Ainda n\u00e3o encontrou a melhor op\u00e7\u00e3o de compra? Oferecemos mais uma possibilidade de <strong>busca<\/strong> mais ampla para <a href=\"https:\/\/ecompare.com.br\/lojas\/resultados-da-pesquisa\/?q=L'Or\u00e9al Professionnel Majirel Glow Light L02 - Colora\u00e7\u00e3o Permanente 50g#gsc.tab=0&amp;gsc.q=L'Or\u00e9al Professionnel Majirel Glow Light L02 - Colora\u00e7\u00e3o Permanente 50g&amp;gsc.page=1\" target=\"_blank\" rel=\"noopener\">L&#8217;Or\u00e9al Professionnel Majirel Glow Light L02 &#8211; Colora\u00e7\u00e3o Permanente 50g, clique e continue <strong>pesquisando&#8230;<\/strong><\/a><\/p>\n<hr \/>\n","protected":false},"excerpt":{"rendered":"<p>R$ 40.90 nas lojas <a href=\"https:\/\/www.awin1.com\/pclick.php?p=40666779967&#038;a=690303&#038;m=62481\" target=\"_blank\" rel=\"sponsored\">Beleza na Web PRO BR<\/a><\/p>\n","protected":false},"author":1,"featured_media":0,"comment_status":"closed","ping_status":"closed","sticky":false,"template":"","format":"standard","meta":{"footnotes":""},"categories":[2],"tags":[1867,2949],"class_list":["post-109816","post","type-post","status-publish","format-standard","hentry","category-produtos","tag-40-90","tag-beleza-na-web-pro-br"],"_links":{"self":[{"href":"https:\/\/jr1.com.br\/shopping\/wp-json\/wp\/v2\/posts\/109816","targetHints":{"allow":["GET"]}}],"collection":[{"href":"https:\/\/jr1.com.br\/shopping\/wp-json\/wp\/v2\/posts"}],"about":[{"href":"https:\/\/jr1.com.br\/shopping\/wp-json\/wp\/v2\/types\/post"}],"author":[{"embeddable":true,"href":"https:\/\/jr1.com.br\/shopping\/wp-json\/wp\/v2\/users\/1"}],"replies":[{"embeddable":true,"href":"https:\/\/jr1.com.br\/shopping\/wp-json\/wp\/v2\/comments?post=109816"}],"version-history":[{"count":0,"href":"https:\/\/jr1.com.br\/shopping\/wp-json\/wp\/v2\/posts\/109816\/revisions"}],"wp:attachment":[{"href":"https:\/\/jr1.com.br\/shopping\/wp-json\/wp\/v2\/media?parent=109816"}],"wp:term":[{"taxonomy":"category","embeddable":true,"href":"https:\/\/jr1.com.br\/shopping\/wp-json\/wp\/v2\/categories?post=109816"},{"taxonomy":"post_tag","embeddable":true,"href":"https:\/\/jr1.com.br\/shopping\/wp-json\/wp\/v2\/tags?post=109816"}],"curies":[{"name":"wp","href":"https:\/\/api.w.org\/{rel}","templated":true}]}}