{"id":11021,"date":"2025-08-10T17:03:54","date_gmt":"2025-08-10T17:03:54","guid":{"rendered":"https:\/\/jr1.com.br\/shopping\/2025\/08\/10\/cama-infantil-articulada-cm8013-tecno-mobili-4-prateleiras-2-nichos-1285x1985x193cm-branco-rosa-38605496283\/"},"modified":"2025-08-10T17:03:54","modified_gmt":"2025-08-10T17:03:54","slug":"cama-infantil-articulada-cm8013-tecno-mobili-4-prateleiras-2-nichos-1285x1985x193cm-branco-rosa-38605496283","status":"publish","type":"post","link":"https:\/\/jr1.com.br\/shopping\/2025\/08\/10\/cama-infantil-articulada-cm8013-tecno-mobili-4-prateleiras-2-nichos-1285x1985x193cm-branco-rosa-38605496283\/","title":{"rendered":"Cama Infantil Articulada CM8013 Tecno Mobili 4 Prateleiras 2 Nichos 128,5&#215;198,5x193cm Branco\/Rosa &#8211; 38605496283"},"content":{"rendered":"<h2><\/h2>\n<h3>O pre\u00e7o de Cama Infantil Articulada CM8013 Tecno Mobili 4 Prateleiras 2 Nichos 128,5&#215;198,5x193cm Branco\/Rosa no dia acima especificado era de <strong>R$ 765.78<\/strong>.<\/h3>\n<p>Confira o pre\u00e7o atual aqui: <a href=\"https:\/\/www.casatema.com.br\/cama-infantil-articulada-cm8013-tecno-mobili-4-prateleiras-2-nichos-128-5x198-5x193cm-branco-rosa\/p?idsku=818272?utm_source=awin&#038;utm_medium=aff&#038;utm_campaign=690303&#038;utm_content=u1&#038;utm_term=&#038;sv1=affiliate&#038;sv_campaign_id=690303&#038;awc=64882_1747143695_604e9a136a087f3da65a6e07584fd7f3\" target=\"_blank\" rel=\"noopener sponsored\"><img decoding=\"async\" src=\"https:\/\/ui.awin.com\/images\/upload\/merchant\/profile\/100453.png\" alt=\"Cama Infantil Articulada CM8013 Tecno Mobili 4 Prateleiras 2 Nichos 128,5x198,5x193cm Branco\/Rosa\" \/> &#8211; nas lojas  Casa Tema BR<\/a><\/p>\n<p><img decoding=\"async\" src=\"https:\/\/casatema.vteximg.com.br\/arquivos\/ids\/892124_2\" alt=\"Cama Infantil Articulada CM8013 Tecno Mobili 4 Prateleiras 2 Nichos 128,5x198,5x193cm Branco\/Rosa\" \/><br \/>\nCama Infantil Articulada CM8013 Tecno Mobili 4 Prateleiras 2 Nichos 128,5&#215;198,5x193cm Branco\/RosaCama Infantil Articulada CM8013 Tecno Mobili 4 Prateleiras 2 Nichos 128,5&#215;198,5x193cm Branco\/Rosa. Pensado no bem-estar, na criatividade para a crian\u00e7ada a linha de Cama da Tecnomobili foi desenvolvida para agregar conforto e beleza no ambiente mais importante da casa, o quarto. Al\u00e9m de ser um m\u00f3vel pr\u00e1tico e funcional, disp\u00f5em de mecanismo para articula\u00e7\u00e3o e nichos na lateral para acomodar livros, objetos decorativos, brinquedos e luminaria. Fechada ela possui dois nichos grandes, promovendo maior espa\u00e7o entre o ambiente e melhor aproveitamento da \u00e1rea. Cama Infantil Articulada CM8013, estrutura em MDP e acabamento em pintura UV, detalhe na cor rosa nas bordas. Possui sistema de articula\u00e7\u00e3o e trava, para maior seguran\u00e7a possui chave para uso fechada. A cama suporta at\u00e9 130kg.Caracter\u00edsticas:Cor: Branco\/RosaMaterial do Estrado: MDPEscala de Brilho: Semi-BrilhoCor Predominante: BrancoCor do Produto: Branco\/RosaPossui Prateleiras: SimMaterial da Prateleira: MDPComplexidade da Montagem: M\u00e9dia: pode ser montado por mais de uma pessoa e\/ou necessite de maior conhecimento para montagemAltura: 198,5 cmLargura: 128,5 cmSuporta At\u00e9 (kg): 130 kgProfundidade: 193 cmPeso M\u00e1ximo por Prateleira: 5 kgAltura do Estrado at\u00e9 o Ch\u00e3o: 25 cmInforma\u00e7\u00f5es Complementares: Cama Articulada. Medida m\u00e1xima do colch\u00e3o indicado: SOLTEIRO: 90,5x18x190,0cm.Tipo de Cama: ConvencionalTipo de Estrado: FixoEscala de Brilho da Prateleira: FoscoSistema de Montagem: ParafusosGarantia: 03 mesesNecessita Montagem: SimEstilo: Cl\u00e1ssicoLinha ou Cole\u00e7\u00e3o: Dormit\u00f3rioTipo de Colch\u00e3o: SolteiroTamanho do Colch\u00e3o Indicado (L x C): 90,5x190Material Principal: MDPAcabamento: Pintura UVRecomenda\u00e7\u00f5es de Uso, Manuten\u00e7\u00e3o e Limpeza: Para uma limpeza mais efetiva, utilizar apenas pano macio umedecido e sab\u00e3o neutro. N\u00e3o utilizar produtos abrasivos.<\/p>\n<h4>Aproveite e pesquise o pre\u00e7o deste produto em dezenas de lojas dos marketplaces abaixo:<\/h4>\n<p><a href=\"https:\/\/www.magazinevoce.com.br\/magazineezu\/busca\/Cama Infantil Articulada CM8013 Tecno Mobili 4 Prateleiras 2 Nichos 128,5x198,5x193cm Branco\/Rosa\/\" target=\"_blank\" rel=\"noopener\"><img decoding=\"async\" src=\"https:\/\/mvc.mlcdn.com.br\/ad\/2503_superofertas.png\" alt=\"Pesquise no Magazine eZu\" \/> &#8211; da Parceria MAGALU<\/a>.<\/p>\n<p>Ainda n\u00e3o encontrou a melhor op\u00e7\u00e3o de compra? Oferecemos mais uma possibilidade de <strong>busca<\/strong> mais ampla para <a href=\"https:\/\/ecompare.com.br\/lojas\/resultados-da-pesquisa\/?q=Cama Infantil Articulada CM8013 Tecno Mobili 4 Prateleiras 2 Nichos 128,5x198,5x193cm Branco\/Rosa#gsc.tab=0&amp;gsc.q=Cama Infantil Articulada CM8013 Tecno Mobili 4 Prateleiras 2 Nichos 128,5x198,5x193cm Branco\/Rosa&amp;gsc.page=1\" target=\"_blank\" rel=\"noopener\">Cama Infantil Articulada CM8013 Tecno Mobili 4 Prateleiras 2 Nichos 128,5&#215;198,5x193cm Branco\/Rosa, clique e continue <strong>pesquisando&#8230;<\/strong><\/a><\/p>\n<hr \/>\n","protected":false},"excerpt":{"rendered":"<p>R$ 765.78 nas lojas <a href=\"https:\/\/www.awin1.com\/pclick.php?p=38605496283&#038;a=690303&#038;m=100453\" target=\"_blank\" rel=\"sponsored\">Casa Tema BR<\/a><\/p>\n","protected":false},"author":1,"featured_media":0,"comment_status":"closed","ping_status":"closed","sticky":false,"template":"","format":"standard","meta":{"footnotes":""},"categories":[2],"tags":[21],"class_list":["post-11021","post","type-post","status-publish","format-standard","hentry","category-produtos","tag-casa-tema-br"],"_links":{"self":[{"href":"https:\/\/jr1.com.br\/shopping\/wp-json\/wp\/v2\/posts\/11021","targetHints":{"allow":["GET"]}}],"collection":[{"href":"https:\/\/jr1.com.br\/shopping\/wp-json\/wp\/v2\/posts"}],"about":[{"href":"https:\/\/jr1.com.br\/shopping\/wp-json\/wp\/v2\/types\/post"}],"author":[{"embeddable":true,"href":"https:\/\/jr1.com.br\/shopping\/wp-json\/wp\/v2\/users\/1"}],"replies":[{"embeddable":true,"href":"https:\/\/jr1.com.br\/shopping\/wp-json\/wp\/v2\/comments?post=11021"}],"version-history":[{"count":0,"href":"https:\/\/jr1.com.br\/shopping\/wp-json\/wp\/v2\/posts\/11021\/revisions"}],"wp:attachment":[{"href":"https:\/\/jr1.com.br\/shopping\/wp-json\/wp\/v2\/media?parent=11021"}],"wp:term":[{"taxonomy":"category","embeddable":true,"href":"https:\/\/jr1.com.br\/shopping\/wp-json\/wp\/v2\/categories?post=11021"},{"taxonomy":"post_tag","embeddable":true,"href":"https:\/\/jr1.com.br\/shopping\/wp-json\/wp\/v2\/tags?post=11021"}],"curies":[{"name":"wp","href":"https:\/\/api.w.org\/{rel}","templated":true}]}}