{"id":110758,"date":"2026-03-28T01:15:16","date_gmt":"2026-03-28T01:15:16","guid":{"rendered":"https:\/\/jr1.com.br\/shopping\/2026\/03\/28\/kit-la-roche-posay-anthelios-airlicium-cor-2-0-effaclar-concentrado-2-produtos\/"},"modified":"2026-03-28T01:15:16","modified_gmt":"2026-03-28T01:15:16","slug":"kit-la-roche-posay-anthelios-airlicium-cor-2-0-effaclar-concentrado-2-produtos","status":"publish","type":"post","link":"https:\/\/jr1.com.br\/shopping\/2026\/03\/28\/kit-la-roche-posay-anthelios-airlicium-cor-2-0-effaclar-concentrado-2-produtos\/","title":{"rendered":"Kit La Roche-Posay Anthelios Airlicium Cor 2.0 &#038; Effaclar Concentrado (2 Produtos)"},"content":{"rendered":"<h2>Sa\u00fade e beleza > Cuidados pessoais > Cosm\u00e9ticos > Cuidados com a pele<\/h2>\n<h3>O pre\u00e7o de Kit La Roche-Posay Anthelios Airlicium Cor 2.0 &#038; Effaclar Concentrado (2 Produtos) no dia acima especificado era de <strong>R$ 243.80<\/strong>.<\/h3>\n<p>Confira o pre\u00e7o atual aqui: <a href=\"https:\/\/www.awin1.com\/pclick.php?p=40666781004&#038;a=690303&#038;m=62481\" rel=\"noopener sponsored\"><img decoding=\"async\" src=\"https:\/\/ui.awin.com\/images\/upload\/merchant\/profile\/62481.png\" alt=\"Kit La Roche-Posay Anthelios Airlicium Cor 2.0 &#038; Effaclar Concentrado (2 Produtos)\" \/> &#8211; nas lojas Beleza na Web PRO BR<\/a><\/p>\n<p><img decoding=\"async\" src=\"https:\/\/res.cloudinary.com\/beleza-na-web\/image\/upload\/w_1500\/f_auto\/fl_progressive\/q_auto:best\/v1\/imagens\/products\/KT001315\/KT001315.png\" alt=\"Kit La Roche-Posay Anthelios Airlicium Cor 2.0 &#038; Effaclar Concentrado (2 Produtos)\" \/><br \/>\nKit com protetor solar facial com cor e gel de limpeza para peles mistas e oleosas. La Roche-Posay Anthelios Airlicium Cor 2.0 &amp; Effaclar Concentrado auxilia no controle do brilho e oleosidade. O Kit La Roche-Posay Anthelios Airlicium Cor 2.0 &amp; Effaclar Concentrado conta prote\u00e7\u00e3o solar de toque seco e r\u00e1pida absor\u00e7\u00e3o, cuja f\u00f3rmula, enriquecida com a Tecnologia Airlicium, desempenha um papel essencial no controle da oleosidade. Al\u00e9m disso, garante limpeza facial que efetivamente remove impurezas profundas sem causar ressecamento, com composi\u00e7\u00e3o incorporada \u00e0 ativos como \u00c1cido Salic\u00edlico, Zinco e LHA, not\u00e1veis ingredientes reconhecidos por proporcionar comprovada efic\u00e1cia antiacne. A marca La Roche-Posay h\u00e1 mais de quatro d\u00e9cadas mant\u00e9m um compromisso s\u00f3lido em fornecer solu\u00e7\u00f5es dermocosm\u00e9ticas eficazes em colabora\u00e7\u00e3o com dermatologistas ao redor do mundo. Priorizando a compreens\u00e3o e atendimento das necessidades individuais de cada tipo de pele, a marca integra inova\u00e7\u00e3o e efic\u00e1cia em todos os seus produtos. Essa dedica\u00e7\u00e3o reflete-se em solu\u00e7\u00f5es transformadoras que impactam positivamente a vida daqueles que enfrentam problemas dermatol\u00f3gicos. Na vanguarda dos avan\u00e7os em dermatologia, a marca oferece linhas abrangentes para cuidados com a pele, cabelo e maquiagem, todos rigorosamente testados dermatologicamente e formulados para atender \u00e0s peles mais sens\u00edveis. Encontre aqui os outros produtos da marca La Roche-Posay .<\/p>\n<h4>Aproveite e pesquise o pre\u00e7o deste produto em dezenas de lojas dos marketplaces abaixo:<\/h4>\n<p><a href=\"https:\/\/www.magazinevoce.com.br\/magazineezu\/busca\/Kit La Roche-Posay Anthelios Airlicium Cor 2.0 &#038; Effaclar Concentrado (2 Produtos)\/\" target=\"_blank\" rel=\"noopener\"><img decoding=\"async\" src=\"https:\/\/mvc.mlcdn.com.br\/ad\/2503_superofertas.png\" alt=\"Pesquise no Magazine eZu\" \/> &#8211; da Parceria MAGALU<\/a>.<\/p>\n<p>Ainda n\u00e3o encontrou a melhor op\u00e7\u00e3o de compra? Oferecemos mais uma possibilidade de <strong>busca<\/strong> mais ampla para <a href=\"https:\/\/ecompare.com.br\/lojas\/resultados-da-pesquisa\/?q=Kit La Roche-Posay Anthelios Airlicium Cor 2.0 &#038; Effaclar Concentrado (2 Produtos)#gsc.tab=0&amp;gsc.q=Kit La Roche-Posay Anthelios Airlicium Cor 2.0 &#038; Effaclar Concentrado (2 Produtos)&amp;gsc.page=1\" target=\"_blank\" rel=\"noopener\">Kit La Roche-Posay Anthelios Airlicium Cor 2.0 &#038; Effaclar Concentrado (2 Produtos), clique e continue <strong>pesquisando&#8230;<\/strong><\/a><\/p>\n<hr \/>\n","protected":false},"excerpt":{"rendered":"<p>R$ 243.80 nas lojas <a href=\"https:\/\/www.awin1.com\/pclick.php?p=40666781004&#038;a=690303&#038;m=62481\" target=\"_blank\" rel=\"sponsored\">Beleza na Web PRO BR<\/a><\/p>\n","protected":false},"author":1,"featured_media":0,"comment_status":"closed","ping_status":"closed","sticky":false,"template":"","format":"standard","meta":{"footnotes":""},"categories":[2],"tags":[4042,2949],"class_list":["post-110758","post","type-post","status-publish","format-standard","hentry","category-produtos","tag-243-80","tag-beleza-na-web-pro-br"],"_links":{"self":[{"href":"https:\/\/jr1.com.br\/shopping\/wp-json\/wp\/v2\/posts\/110758","targetHints":{"allow":["GET"]}}],"collection":[{"href":"https:\/\/jr1.com.br\/shopping\/wp-json\/wp\/v2\/posts"}],"about":[{"href":"https:\/\/jr1.com.br\/shopping\/wp-json\/wp\/v2\/types\/post"}],"author":[{"embeddable":true,"href":"https:\/\/jr1.com.br\/shopping\/wp-json\/wp\/v2\/users\/1"}],"replies":[{"embeddable":true,"href":"https:\/\/jr1.com.br\/shopping\/wp-json\/wp\/v2\/comments?post=110758"}],"version-history":[{"count":0,"href":"https:\/\/jr1.com.br\/shopping\/wp-json\/wp\/v2\/posts\/110758\/revisions"}],"wp:attachment":[{"href":"https:\/\/jr1.com.br\/shopping\/wp-json\/wp\/v2\/media?parent=110758"}],"wp:term":[{"taxonomy":"category","embeddable":true,"href":"https:\/\/jr1.com.br\/shopping\/wp-json\/wp\/v2\/categories?post=110758"},{"taxonomy":"post_tag","embeddable":true,"href":"https:\/\/jr1.com.br\/shopping\/wp-json\/wp\/v2\/tags?post=110758"}],"curies":[{"name":"wp","href":"https:\/\/api.w.org\/{rel}","templated":true}]}}