{"id":111993,"date":"2026-03-04T10:02:01","date_gmt":"2026-03-04T10:02:01","guid":{"rendered":"https:\/\/jr1.com.br\/shopping\/2026\/03\/04\/kit-wella-professionals-invigo-sun-oil-reflections-light-3-produtos\/"},"modified":"2026-03-04T10:02:01","modified_gmt":"2026-03-04T10:02:01","slug":"kit-wella-professionals-invigo-sun-oil-reflections-light-3-produtos","status":"publish","type":"post","link":"https:\/\/jr1.com.br\/shopping\/2026\/03\/04\/kit-wella-professionals-invigo-sun-oil-reflections-light-3-produtos\/","title":{"rendered":"Kit Wella Professionals Invigo Sun Oil Reflections Light (3 Produtos)"},"content":{"rendered":"<h2>Sa\u00fade e beleza > Cuidados pessoais > Cuidados com os cabelos > Kits de cuidados com os cabelos<\/h2>\n<h3>O pre\u00e7o de Kit Wella Professionals Invigo Sun Oil Reflections Light (3 Produtos) no dia acima especificado era de <strong>R$ 692.70<\/strong>.<\/h3>\n<p>Confira o pre\u00e7o atual aqui: <a href=\"https:\/\/www.awin1.com\/pclick.php?p=40666782888&#038;a=690303&#038;m=62481\" rel=\"noopener sponsored\"><img decoding=\"async\" src=\"https:\/\/ui.awin.com\/images\/upload\/merchant\/profile\/62481.png\" alt=\"Kit Wella Professionals Invigo Sun Oil Reflections Light (3 Produtos)\" \/> &#8211; nas lojas Beleza na Web PRO BR<\/a><\/p>\n<p><img decoding=\"async\" src=\"https:\/\/res.cloudinary.com\/beleza-na-web\/image\/upload\/w_1500\/f_auto\/fl_progressive\/q_auto:best\/v1\/imagens\/product\/KT003917\/336971b7-7afb-4923-aa94-153ccb5bf8b9-kt003917-48199-81498-81499.png\" alt=\"Kit Wella Professionals Invigo Sun Oil Reflections Light (3 Produtos)\" \/><br \/>\nKit com shampoo e condicionador para cabelos expostos ao sol e \u00f3leo capilar para todos os tipos de cabelos, especialmente finos. Wella Professionals Invigo Sun Oil Reflections Light \u00e9 ideal para um cuidado especial durante o ver\u00e3o. O Kit Wella Professionals Invigo Sun Oil Reflections Light traz uma combina\u00e7\u00e3o de produtos para manter os fios protegidos e luminosos. O shampoo e condicionador atuam na repara\u00e7\u00e3o dos danos causados pela exposi\u00e7\u00e3o solar, al\u00e9m de proteger os cabelos contra os raios UV; e o \u00f3leo capilar proporciona um toque de brilho e leveza, sem pesar. Esse kit deixa os fios saud\u00e1veis, protegidos e radiantes durante todo o ver\u00e3o! Invigo Sun , da Wella Professionals , \u00e9 uma linha que traz f\u00f3rmula com tecnologia avan\u00e7ada com vitaminas e ingredientes que cuidam e protegem os cabelos dos efeitos do sol, \u00e1gua do mar e cloro. Encontre aqui os outros produtos da linha Invigo Sun .<\/p>\n<h4>Aproveite e pesquise o pre\u00e7o deste produto em dezenas de lojas dos marketplaces abaixo:<\/h4>\n<p><a href=\"https:\/\/www.magazinevoce.com.br\/magazineezu\/busca\/Kit Wella Professionals Invigo Sun Oil Reflections Light (3 Produtos)\/\" target=\"_blank\" rel=\"noopener\"><img decoding=\"async\" src=\"https:\/\/mvc.mlcdn.com.br\/ad\/2503_superofertas.png\" alt=\"Pesquise no Magazine eZu\" \/> &#8211; da Parceria MAGALU<\/a>.<\/p>\n<p>Ainda n\u00e3o encontrou a melhor op\u00e7\u00e3o de compra? Oferecemos mais uma possibilidade de <strong>busca<\/strong> mais ampla para <a href=\"https:\/\/ecompare.com.br\/lojas\/resultados-da-pesquisa\/?q=Kit Wella Professionals Invigo Sun Oil Reflections Light (3 Produtos)#gsc.tab=0&amp;gsc.q=Kit Wella Professionals Invigo Sun Oil Reflections Light (3 Produtos)&amp;gsc.page=1\" target=\"_blank\" rel=\"noopener\">Kit Wella Professionals Invigo Sun Oil Reflections Light (3 Produtos), clique e continue <strong>pesquisando&#8230;<\/strong><\/a><\/p>\n<hr \/>\n","protected":false},"excerpt":{"rendered":"<p>R$ 692.70 nas lojas <a href=\"https:\/\/www.awin1.com\/pclick.php?p=40666782888&#038;a=690303&#038;m=62481\" target=\"_blank\" rel=\"sponsored\">Beleza na Web PRO BR<\/a><\/p>\n","protected":false},"author":1,"featured_media":0,"comment_status":"closed","ping_status":"closed","sticky":false,"template":"","format":"standard","meta":{"footnotes":""},"categories":[2],"tags":[4789,2949],"class_list":["post-111993","post","type-post","status-publish","format-standard","hentry","category-produtos","tag-692-70","tag-beleza-na-web-pro-br"],"_links":{"self":[{"href":"https:\/\/jr1.com.br\/shopping\/wp-json\/wp\/v2\/posts\/111993","targetHints":{"allow":["GET"]}}],"collection":[{"href":"https:\/\/jr1.com.br\/shopping\/wp-json\/wp\/v2\/posts"}],"about":[{"href":"https:\/\/jr1.com.br\/shopping\/wp-json\/wp\/v2\/types\/post"}],"author":[{"embeddable":true,"href":"https:\/\/jr1.com.br\/shopping\/wp-json\/wp\/v2\/users\/1"}],"replies":[{"embeddable":true,"href":"https:\/\/jr1.com.br\/shopping\/wp-json\/wp\/v2\/comments?post=111993"}],"version-history":[{"count":0,"href":"https:\/\/jr1.com.br\/shopping\/wp-json\/wp\/v2\/posts\/111993\/revisions"}],"wp:attachment":[{"href":"https:\/\/jr1.com.br\/shopping\/wp-json\/wp\/v2\/media?parent=111993"}],"wp:term":[{"taxonomy":"category","embeddable":true,"href":"https:\/\/jr1.com.br\/shopping\/wp-json\/wp\/v2\/categories?post=111993"},{"taxonomy":"post_tag","embeddable":true,"href":"https:\/\/jr1.com.br\/shopping\/wp-json\/wp\/v2\/tags?post=111993"}],"curies":[{"name":"wp","href":"https:\/\/api.w.org\/{rel}","templated":true}]}}