{"id":111996,"date":"2026-03-16T12:46:01","date_gmt":"2026-03-16T12:46:01","guid":{"rendered":"https:\/\/jr1.com.br\/shopping\/2026\/03\/16\/kit-wella-professionals-invigo-sun-oil-reflections-light-trio-3-produtos\/"},"modified":"2026-03-16T12:46:01","modified_gmt":"2026-03-16T12:46:01","slug":"kit-wella-professionals-invigo-sun-oil-reflections-light-trio-3-produtos","status":"publish","type":"post","link":"https:\/\/jr1.com.br\/shopping\/2026\/03\/16\/kit-wella-professionals-invigo-sun-oil-reflections-light-trio-3-produtos\/","title":{"rendered":"Kit Wella Professionals Invigo Sun Oil Reflections Light Trio (3 Produtos)"},"content":{"rendered":"<h2>Sa\u00fade e beleza > Cuidados pessoais > Cuidados com os cabelos > Kits de cuidados com os cabelos<\/h2>\n<h3>O pre\u00e7o de Kit Wella Professionals Invigo Sun Oil Reflections Light Trio (3 Produtos) no dia acima especificado era de <strong>R$ 493.70<\/strong>.<\/h3>\n<p>Confira o pre\u00e7o atual aqui: <a href=\"https:\/\/www.awin1.com\/pclick.php?p=40666782891&#038;a=690303&#038;m=62481\" rel=\"noopener sponsored\"><img decoding=\"async\" src=\"https:\/\/ui.awin.com\/images\/upload\/merchant\/profile\/62481.png\" alt=\"Kit Wella Professionals Invigo Sun Oil Reflections Light Trio (3 Produtos)\" \/> &#8211; nas lojas Beleza na Web PRO BR<\/a><\/p>\n<p><img decoding=\"async\" src=\"https:\/\/res.cloudinary.com\/beleza-na-web\/image\/upload\/w_1500\/f_auto\/fl_progressive\/q_auto:best\/v1\/imagens\/product\/KT003921\/1f664a78-6fc6-439c-bc88-5d38a9b9c75a-kt003921-50666-81498-81499.png\" alt=\"Kit Wella Professionals Invigo Sun Oil Reflections Light Trio (3 Produtos)\" \/><br \/>\nKit com shampoo e condicionador para cabelos expostos ao sol e \u00f3leo capilar para todos os tipos de cabelos, especialmente finos. Wella Professionals Invigo Sun Oil Reflections Light Trio prepara os cabelos para um ver\u00e3o radiante, oferecendo o cuidado ideal para fios expostos ao sol e combinando prote\u00e7\u00e3o, repara\u00e7\u00e3o e brilho. O Kit Wella Professionals Invigo Sun Oil Reflections Light Trio \u00e9 ideal para reparar os danos causados pela exposi\u00e7\u00e3o solar e proteger os fios contra os raios UV, al\u00e9m de proporcionar um toque sedoso, luminoso e sem pesar. Com este kit, os cabelos estar\u00e3o protegidos, saud\u00e1veis e radiantes durante todo o ver\u00e3o! Invigo Sun , da Wella Professionals , \u00e9 uma linha que traz f\u00f3rmula com tecnologia avan\u00e7ada com vitaminas e ingredientes que cuidam e protegem os cabelos dos efeitos do sol, \u00e1gua do mar e cloro. Encontre aqui os outros produtos da linha Invigo Sun .<\/p>\n<h4>Aproveite e pesquise o pre\u00e7o deste produto em dezenas de lojas dos marketplaces abaixo:<\/h4>\n<p><a href=\"https:\/\/www.magazinevoce.com.br\/magazineezu\/busca\/Kit Wella Professionals Invigo Sun Oil Reflections Light Trio (3 Produtos)\/\" target=\"_blank\" rel=\"noopener\"><img decoding=\"async\" src=\"https:\/\/mvc.mlcdn.com.br\/ad\/2503_superofertas.png\" alt=\"Pesquise no Magazine eZu\" \/> &#8211; da Parceria MAGALU<\/a>.<\/p>\n<p>Ainda n\u00e3o encontrou a melhor op\u00e7\u00e3o de compra? Oferecemos mais uma possibilidade de <strong>busca<\/strong> mais ampla para <a href=\"https:\/\/ecompare.com.br\/lojas\/resultados-da-pesquisa\/?q=Kit Wella Professionals Invigo Sun Oil Reflections Light Trio (3 Produtos)#gsc.tab=0&amp;gsc.q=Kit Wella Professionals Invigo Sun Oil Reflections Light Trio (3 Produtos)&amp;gsc.page=1\" target=\"_blank\" rel=\"noopener\">Kit Wella Professionals Invigo Sun Oil Reflections Light Trio (3 Produtos), clique e continue <strong>pesquisando&#8230;<\/strong><\/a><\/p>\n<hr \/>\n","protected":false},"excerpt":{"rendered":"<p>R$ 493.70 nas lojas <a href=\"https:\/\/www.awin1.com\/pclick.php?p=40666782891&#038;a=690303&#038;m=62481\" target=\"_blank\" rel=\"sponsored\">Beleza na Web PRO BR<\/a><\/p>\n","protected":false},"author":1,"featured_media":0,"comment_status":"closed","ping_status":"closed","sticky":false,"template":"","format":"standard","meta":{"footnotes":""},"categories":[2],"tags":[4792,2949],"class_list":["post-111996","post","type-post","status-publish","format-standard","hentry","category-produtos","tag-493-70","tag-beleza-na-web-pro-br"],"_links":{"self":[{"href":"https:\/\/jr1.com.br\/shopping\/wp-json\/wp\/v2\/posts\/111996","targetHints":{"allow":["GET"]}}],"collection":[{"href":"https:\/\/jr1.com.br\/shopping\/wp-json\/wp\/v2\/posts"}],"about":[{"href":"https:\/\/jr1.com.br\/shopping\/wp-json\/wp\/v2\/types\/post"}],"author":[{"embeddable":true,"href":"https:\/\/jr1.com.br\/shopping\/wp-json\/wp\/v2\/users\/1"}],"replies":[{"embeddable":true,"href":"https:\/\/jr1.com.br\/shopping\/wp-json\/wp\/v2\/comments?post=111996"}],"version-history":[{"count":0,"href":"https:\/\/jr1.com.br\/shopping\/wp-json\/wp\/v2\/posts\/111996\/revisions"}],"wp:attachment":[{"href":"https:\/\/jr1.com.br\/shopping\/wp-json\/wp\/v2\/media?parent=111996"}],"wp:term":[{"taxonomy":"category","embeddable":true,"href":"https:\/\/jr1.com.br\/shopping\/wp-json\/wp\/v2\/categories?post=111996"},{"taxonomy":"post_tag","embeddable":true,"href":"https:\/\/jr1.com.br\/shopping\/wp-json\/wp\/v2\/tags?post=111996"}],"curies":[{"name":"wp","href":"https:\/\/api.w.org\/{rel}","templated":true}]}}