{"id":113063,"date":"2026-03-08T04:44:22","date_gmt":"2026-03-08T04:44:22","guid":{"rendered":"https:\/\/jr1.com.br\/shopping\/2026\/03\/08\/rie-salon-pro-essenza-pente-profissional\/"},"modified":"2026-03-08T04:44:22","modified_gmt":"2026-03-08T04:44:22","slug":"rie-salon-pro-essenza-pente-profissional","status":"publish","type":"post","link":"https:\/\/jr1.com.br\/shopping\/2026\/03\/08\/rie-salon-pro-essenza-pente-profissional\/","title":{"rendered":"Ri\u00e8 Salon-Pro Essenza &#8211; Pente Profissional\u00a0"},"content":{"rendered":"<h2>Sa\u00fade e beleza > Cuidados pessoais > Cuidados com os cabelos > Utens\u00edlios de penteado > Pentes e escovas<\/h2>\n<h3>O pre\u00e7o de Ri\u00e8 Salon-Pro Essenza &#8211; Pente Profissional\u00a0 no dia acima especificado era de <strong>R$ 22.89<\/strong>.<\/h3>\n<p>Confira o pre\u00e7o atual aqui: <a href=\"https:\/\/www.awin1.com\/pclick.php?p=43102175247&#038;a=690303&#038;m=62481\" rel=\"noopener sponsored\"><img decoding=\"async\" src=\"https:\/\/ui.awin.com\/images\/upload\/merchant\/profile\/62481.png\" alt=\"Ri\u00e8 Salon-Pro Essenza - Pente Profissional\u00a0\" \/> &#8211; nas lojas Beleza na Web PRO BR<\/a><\/p>\n<p><img decoding=\"async\" src=\"https:\/\/res.cloudinary.com\/beleza-na-web\/image\/upload\/w_1500\/f_auto\/fl_progressive\/q_auto:best\/v1\/imagens\/product\/MP11143\/af87b6f7-e897-49b8-93ab-3df4feb2804e-61b3c66bd9075d316db66bf2-7859991757132100565.jpg\" alt=\"Ri\u00e8 Salon-Pro Essenza - Pente Profissional\u00a0\" \/><br \/>\nPente. Ri\u00e8 Salon-Pro Essenza oferece qualidade m\u00e1xima na hora de realizar penteados e cortes. O Pente Ri\u00e8 Salon-Pro Essenza \u00e9 ideal para cortes, penteados ou ainda processos qu\u00edmicos como distribui\u00e7\u00e3o de cremes ou tintura.<\/p>\n<h4>Aproveite e pesquise o pre\u00e7o deste produto em dezenas de lojas dos marketplaces abaixo:<\/h4>\n<p><a href=\"https:\/\/www.magazinevoce.com.br\/magazineezu\/busca\/Ri\u00e8 Salon-Pro Essenza - Pente Profissional\u00a0\/\" target=\"_blank\" rel=\"noopener\"><img decoding=\"async\" src=\"https:\/\/mvc.mlcdn.com.br\/ad\/2503_superofertas.png\" alt=\"Pesquise no Magazine eZu\" \/> &#8211; da Parceria MAGALU<\/a>.<\/p>\n<p>Ainda n\u00e3o encontrou a melhor op\u00e7\u00e3o de compra? Oferecemos mais uma possibilidade de <strong>busca<\/strong> mais ampla para <a href=\"https:\/\/ecompare.com.br\/lojas\/resultados-da-pesquisa\/?q=Ri\u00e8 Salon-Pro Essenza - Pente Profissional\u00a0#gsc.tab=0&amp;gsc.q=Ri\u00e8 Salon-Pro Essenza - Pente Profissional\u00a0&amp;gsc.page=1\" target=\"_blank\" rel=\"noopener\">Ri\u00e8 Salon-Pro Essenza &#8211; Pente Profissional\u00a0, clique e continue <strong>pesquisando&#8230;<\/strong><\/a><\/p>\n<hr \/>\n","protected":false},"excerpt":{"rendered":"<p>R$ 22.89 nas lojas <a href=\"https:\/\/www.awin1.com\/pclick.php?p=43102175247&#038;a=690303&#038;m=62481\" target=\"_blank\" rel=\"sponsored\">Beleza na Web PRO BR<\/a><\/p>\n","protected":false},"author":1,"featured_media":0,"comment_status":"closed","ping_status":"closed","sticky":false,"template":"","format":"standard","meta":{"footnotes":""},"categories":[2],"tags":[5084,2949],"class_list":["post-113063","post","type-post","status-publish","format-standard","hentry","category-produtos","tag-22-89","tag-beleza-na-web-pro-br"],"_links":{"self":[{"href":"https:\/\/jr1.com.br\/shopping\/wp-json\/wp\/v2\/posts\/113063","targetHints":{"allow":["GET"]}}],"collection":[{"href":"https:\/\/jr1.com.br\/shopping\/wp-json\/wp\/v2\/posts"}],"about":[{"href":"https:\/\/jr1.com.br\/shopping\/wp-json\/wp\/v2\/types\/post"}],"author":[{"embeddable":true,"href":"https:\/\/jr1.com.br\/shopping\/wp-json\/wp\/v2\/users\/1"}],"replies":[{"embeddable":true,"href":"https:\/\/jr1.com.br\/shopping\/wp-json\/wp\/v2\/comments?post=113063"}],"version-history":[{"count":0,"href":"https:\/\/jr1.com.br\/shopping\/wp-json\/wp\/v2\/posts\/113063\/revisions"}],"wp:attachment":[{"href":"https:\/\/jr1.com.br\/shopping\/wp-json\/wp\/v2\/media?parent=113063"}],"wp:term":[{"taxonomy":"category","embeddable":true,"href":"https:\/\/jr1.com.br\/shopping\/wp-json\/wp\/v2\/categories?post=113063"},{"taxonomy":"post_tag","embeddable":true,"href":"https:\/\/jr1.com.br\/shopping\/wp-json\/wp\/v2\/tags?post=113063"}],"curies":[{"name":"wp","href":"https:\/\/api.w.org\/{rel}","templated":true}]}}