{"id":113188,"date":"2026-03-05T17:46:58","date_gmt":"2026-03-05T17:46:58","guid":{"rendered":"https:\/\/jr1.com.br\/shopping\/2026\/03\/05\/biofios-profissional-9-31-louro-medio-bege-coloracao-permanente-60g\/"},"modified":"2026-03-05T17:46:58","modified_gmt":"2026-03-05T17:46:58","slug":"biofios-profissional-9-31-louro-medio-bege-coloracao-permanente-60g","status":"publish","type":"post","link":"https:\/\/jr1.com.br\/shopping\/2026\/03\/05\/biofios-profissional-9-31-louro-medio-bege-coloracao-permanente-60g\/","title":{"rendered":"Biofios Profissional 9.31 Louro M\u00e9dio Bege &#8211; Colora\u00e7\u00e3o Permanente 60g"},"content":{"rendered":"<h2>Sa\u00fade e beleza > Cuidados pessoais > Cuidados com os cabelos > Tintura para cabelo<\/h2>\n<h3>O pre\u00e7o de Biofios Profissional 9.31 Louro M\u00e9dio Bege &#8211; Colora\u00e7\u00e3o Permanente 60g no dia acima especificado era de <strong>R$ 29.90<\/strong>.<\/h3>\n<p>Confira o pre\u00e7o atual aqui: <a href=\"https:\/\/www.awin1.com\/pclick.php?p=43035325617&#038;a=690303&#038;m=62481\" rel=\"noopener sponsored\"><img decoding=\"async\" src=\"https:\/\/ui.awin.com\/images\/upload\/merchant\/profile\/62481.png\" alt=\"Biofios Profissional 9.31 Louro M\u00e9dio Bege - Colora\u00e7\u00e3o Permanente 60g\" \/> &#8211; nas lojas Beleza na Web PRO BR<\/a><\/p>\n<p><img decoding=\"async\" src=\"https:\/\/res.cloudinary.com\/beleza-na-web\/image\/upload\/w_1500\/f_auto\/fl_progressive\/q_auto:best\/v1\/imagens\/product\/MP1311\/7c7075e6-f84d-4df3-9ede-ed449f3ffe29-biofios-profissional-931-louro-medio-bege-coloracao-permanente-60g.png\" alt=\"Biofios Profissional 9.31 Louro M\u00e9dio Bege - Colora\u00e7\u00e3o Permanente 60g\" \/><br \/>\nColora\u00e7\u00e3o permanente. Biofios Profissional proporciona alta cobertura de fios brancos e cores vibrantes e duradouras. A Colora\u00e7\u00e3o Biofios Profissional foi desenvolvida e enriquecida com a a\u00e7\u00e3o antioxidante do Gojiberry, rica em amino\u00e1cidos, vitaminas, minerais, \u00e1cidos graxos, tamb\u00e9m possui a\u00e7\u00e3o protetora, preservando os cabelos dos danos causados pelo sol. Traz pigmentos de \u00faltima gera\u00e7\u00e3o que criam uma estrutura tridimensional com tratamento associado, revelando cores mais vivas, luminosas e duradouras. Benef\u00edcios da Colora\u00e7\u00e3o Biofios Profissional: \u25b8 Perfeita cobertura de fios brancos; \u25b8 Cores vibrantes, luminosas e de longa dura\u00e7\u00e3o; \u25b8 Enriquecida com Gojiberry, rico em antioxidantes; \u25b8 Pigmentos de \u00faltima gera\u00e7\u00e3o, com tratamento associado; \u25b8 Resultados profissionais, com cores intensas e vibrantes. A Biofios Profissional \u00e9 uma marca de produtos cosm\u00e9ticos para cabelos, com linhas espec\u00edficas para tratamento, reconstru\u00e7\u00e3o, nutri\u00e7\u00e3o, hidrata\u00e7\u00e3o, crescimento e alisamento capilar. A marca oferece diversas op\u00e7\u00f5es para cronograma capilar e progressivas sem formol, como a linha Blindene. Encontre aqui os outros produtos da linha Biofios Profissional .<\/p>\n<h4>Aproveite e pesquise o pre\u00e7o deste produto em dezenas de lojas dos marketplaces abaixo:<\/h4>\n<p><a href=\"https:\/\/www.magazinevoce.com.br\/magazineezu\/busca\/Biofios Profissional 9.31 Louro M\u00e9dio Bege - Colora\u00e7\u00e3o Permanente 60g\/\" target=\"_blank\" rel=\"noopener\"><img decoding=\"async\" src=\"https:\/\/mvc.mlcdn.com.br\/ad\/2503_superofertas.png\" alt=\"Pesquise no Magazine eZu\" \/> &#8211; da Parceria MAGALU<\/a>.<\/p>\n<p>Ainda n\u00e3o encontrou a melhor op\u00e7\u00e3o de compra? Oferecemos mais uma possibilidade de <strong>busca<\/strong> mais ampla para <a href=\"https:\/\/ecompare.com.br\/lojas\/resultados-da-pesquisa\/?q=Biofios Profissional 9.31 Louro M\u00e9dio Bege - Colora\u00e7\u00e3o Permanente 60g#gsc.tab=0&amp;gsc.q=Biofios Profissional 9.31 Louro M\u00e9dio Bege - Colora\u00e7\u00e3o Permanente 60g&amp;gsc.page=1\" target=\"_blank\" rel=\"noopener\">Biofios Profissional 9.31 Louro M\u00e9dio Bege &#8211; Colora\u00e7\u00e3o Permanente 60g, clique e continue <strong>pesquisando&#8230;<\/strong><\/a><\/p>\n<hr \/>\n","protected":false},"excerpt":{"rendered":"<p>R$ 29.90 nas lojas <a href=\"https:\/\/www.awin1.com\/pclick.php?p=43035325617&#038;a=690303&#038;m=62481\" target=\"_blank\" rel=\"sponsored\">Beleza na Web PRO BR<\/a><\/p>\n","protected":false},"author":1,"featured_media":0,"comment_status":"closed","ping_status":"closed","sticky":false,"template":"","format":"standard","meta":{"footnotes":""},"categories":[2],"tags":[2123,2949],"class_list":["post-113188","post","type-post","status-publish","format-standard","hentry","category-produtos","tag-29-90","tag-beleza-na-web-pro-br"],"_links":{"self":[{"href":"https:\/\/jr1.com.br\/shopping\/wp-json\/wp\/v2\/posts\/113188","targetHints":{"allow":["GET"]}}],"collection":[{"href":"https:\/\/jr1.com.br\/shopping\/wp-json\/wp\/v2\/posts"}],"about":[{"href":"https:\/\/jr1.com.br\/shopping\/wp-json\/wp\/v2\/types\/post"}],"author":[{"embeddable":true,"href":"https:\/\/jr1.com.br\/shopping\/wp-json\/wp\/v2\/users\/1"}],"replies":[{"embeddable":true,"href":"https:\/\/jr1.com.br\/shopping\/wp-json\/wp\/v2\/comments?post=113188"}],"version-history":[{"count":0,"href":"https:\/\/jr1.com.br\/shopping\/wp-json\/wp\/v2\/posts\/113188\/revisions"}],"wp:attachment":[{"href":"https:\/\/jr1.com.br\/shopping\/wp-json\/wp\/v2\/media?parent=113188"}],"wp:term":[{"taxonomy":"category","embeddable":true,"href":"https:\/\/jr1.com.br\/shopping\/wp-json\/wp\/v2\/categories?post=113188"},{"taxonomy":"post_tag","embeddable":true,"href":"https:\/\/jr1.com.br\/shopping\/wp-json\/wp\/v2\/tags?post=113188"}],"curies":[{"name":"wp","href":"https:\/\/api.w.org\/{rel}","templated":true}]}}