{"id":11335,"date":"2025-09-06T13:39:15","date_gmt":"2025-09-06T13:39:15","guid":{"rendered":"https:\/\/jr1.com.br\/shopping\/2025\/09\/06\/conjunto-infantil-mesa-68x52cm-com-2-cadeiras-madeira-macica-ecomoveis-branco-azul-38605494857\/"},"modified":"2025-09-06T13:39:15","modified_gmt":"2025-09-06T13:39:15","slug":"conjunto-infantil-mesa-68x52cm-com-2-cadeiras-madeira-macica-ecomoveis-branco-azul-38605494857","status":"publish","type":"post","link":"https:\/\/jr1.com.br\/shopping\/2025\/09\/06\/conjunto-infantil-mesa-68x52cm-com-2-cadeiras-madeira-macica-ecomoveis-branco-azul-38605494857\/","title":{"rendered":"Conjunto Infantil Mesa 68x52cm com 2 Cadeiras Madeira Maci\u00e7a Ecom\u00f3veis Branco\/Azul &#8211; 38605494857"},"content":{"rendered":"<h2><\/h2>\n<h3>O pre\u00e7o de Conjunto Infantil Mesa 68x52cm com 2 Cadeiras Madeira Maci\u00e7a Ecom\u00f3veis Branco\/Azul no dia acima especificado era de <strong>R$ 870.14<\/strong>.<\/h3>\n<p>Confira o pre\u00e7o atual aqui: <a href=\"https:\/\/www.casatema.com.br\/conjunto-infantil-mesa-68x52cm-com-2-cadeiras-madeira-macica-ecomoveis-branco-azul\/p?idsku=845808?utm_source=awin&#038;utm_medium=aff&#038;utm_campaign=690303&#038;utm_content=u1&#038;utm_term=&#038;sv1=affiliate&#038;sv_campaign_id=690303&#038;awc=64882_1747143695_604e9a136a087f3da65a6e07584fd7f3\" target=\"_blank\" rel=\"noopener sponsored\"><img decoding=\"async\" src=\"https:\/\/ui.awin.com\/images\/upload\/merchant\/profile\/100453.png\" alt=\"Conjunto Infantil Mesa 68x52cm com 2 Cadeiras Madeira Maci\u00e7a Ecom\u00f3veis Branco\/Azul\" \/> &#8211; nas lojas  Casa Tema BR<\/a><\/p>\n<p><img decoding=\"async\" src=\"https:\/\/casatema.vteximg.com.br\/arquivos\/ids\/870666_2\" alt=\"Conjunto Infantil Mesa 68x52cm com 2 Cadeiras Madeira Maci\u00e7a Ecom\u00f3veis Branco\/Azul\" \/><br \/>\nConjunto Infantil Mesa 68x52cm com 2 Cadeiras Madeira Maci\u00e7a Ecom\u00f3veis Branco\/AzulConjunto Infantil Mesa 68x52cm com 2 Cadeiras Madeira Maci\u00e7a Ecom\u00f3veis Branco\/Azul. Mesa infantil com estrutura em madeira maci\u00e7a, com pintura semi-fosca, laqueado PU. \u00d3timo para a crian\u00e7a se divertir e estudar, combina com o ambiente de sua sala e do seu quarto, material de \u00f3tima resist\u00eancia. Kit Cadeira Country Infantil Ecom\u00f3veis Cadeira infantil com resist\u00eancia e durabilidade, excelente acabamento em pintura laqueado PU, estrutura em madeira maci\u00e7a suportando o peso de um adulto, se torna ideal para interagir com as crian\u00e7as. Caracter\u00edsticas:Acabamento: LacaCor: Branco\/AzulCor Predominante: AzulMaterial Principal: Madeira Maci\u00e7aPossui Portas: N\u00e3oAmbiente Principal: Quarto InfantilAmbiente: nullGarantia: 03 meses<\/p>\n<h4>Aproveite e pesquise o pre\u00e7o deste produto em dezenas de lojas dos marketplaces abaixo:<\/h4>\n<p><a href=\"https:\/\/www.magazinevoce.com.br\/magazineezu\/busca\/Conjunto Infantil Mesa 68x52cm com 2 Cadeiras Madeira Maci\u00e7a Ecom\u00f3veis Branco\/Azul\/\" target=\"_blank\" rel=\"noopener\"><img decoding=\"async\" src=\"https:\/\/mvc.mlcdn.com.br\/ad\/2503_superofertas.png\" alt=\"Pesquise no Magazine eZu\" \/> &#8211; da Parceria MAGALU<\/a>.<\/p>\n<p>Ainda n\u00e3o encontrou a melhor op\u00e7\u00e3o de compra? Oferecemos mais uma possibilidade de <strong>busca<\/strong> mais ampla para <a href=\"https:\/\/ecompare.com.br\/lojas\/resultados-da-pesquisa\/?q=Conjunto Infantil Mesa 68x52cm com 2 Cadeiras Madeira Maci\u00e7a Ecom\u00f3veis Branco\/Azul#gsc.tab=0&amp;gsc.q=Conjunto Infantil Mesa 68x52cm com 2 Cadeiras Madeira Maci\u00e7a Ecom\u00f3veis Branco\/Azul&amp;gsc.page=1\" target=\"_blank\" rel=\"noopener\">Conjunto Infantil Mesa 68x52cm com 2 Cadeiras Madeira Maci\u00e7a Ecom\u00f3veis Branco\/Azul, clique e continue <strong>pesquisando&#8230;<\/strong><\/a><\/p>\n<hr \/>\n","protected":false},"excerpt":{"rendered":"<p>R$ 870.14 nas lojas <a href=\"https:\/\/www.awin1.com\/pclick.php?p=38605494857&#038;a=690303&#038;m=100453\" target=\"_blank\" rel=\"sponsored\">Casa Tema BR<\/a><\/p>\n","protected":false},"author":1,"featured_media":0,"comment_status":"closed","ping_status":"closed","sticky":false,"template":"","format":"standard","meta":{"footnotes":""},"categories":[2],"tags":[21],"class_list":["post-11335","post","type-post","status-publish","format-standard","hentry","category-produtos","tag-casa-tema-br"],"_links":{"self":[{"href":"https:\/\/jr1.com.br\/shopping\/wp-json\/wp\/v2\/posts\/11335","targetHints":{"allow":["GET"]}}],"collection":[{"href":"https:\/\/jr1.com.br\/shopping\/wp-json\/wp\/v2\/posts"}],"about":[{"href":"https:\/\/jr1.com.br\/shopping\/wp-json\/wp\/v2\/types\/post"}],"author":[{"embeddable":true,"href":"https:\/\/jr1.com.br\/shopping\/wp-json\/wp\/v2\/users\/1"}],"replies":[{"embeddable":true,"href":"https:\/\/jr1.com.br\/shopping\/wp-json\/wp\/v2\/comments?post=11335"}],"version-history":[{"count":0,"href":"https:\/\/jr1.com.br\/shopping\/wp-json\/wp\/v2\/posts\/11335\/revisions"}],"wp:attachment":[{"href":"https:\/\/jr1.com.br\/shopping\/wp-json\/wp\/v2\/media?parent=11335"}],"wp:term":[{"taxonomy":"category","embeddable":true,"href":"https:\/\/jr1.com.br\/shopping\/wp-json\/wp\/v2\/categories?post=11335"},{"taxonomy":"post_tag","embeddable":true,"href":"https:\/\/jr1.com.br\/shopping\/wp-json\/wp\/v2\/tags?post=11335"}],"curies":[{"name":"wp","href":"https:\/\/api.w.org\/{rel}","templated":true}]}}