{"id":113577,"date":"2026-03-27T02:42:49","date_gmt":"2026-03-27T02:42:49","guid":{"rendered":"https:\/\/jr1.com.br\/shopping\/2026\/03\/27\/sabonete-facial-antiacne-280ml-labotrat\/"},"modified":"2026-03-27T02:42:49","modified_gmt":"2026-03-27T02:42:49","slug":"sabonete-facial-antiacne-280ml-labotrat","status":"publish","type":"post","link":"https:\/\/jr1.com.br\/shopping\/2026\/03\/27\/sabonete-facial-antiacne-280ml-labotrat\/","title":{"rendered":"SABONETE FACIAL ANTIACNE 280ML &#8211; LABOTRAT"},"content":{"rendered":"<h2><\/h2>\n<h3>O pre\u00e7o de SABONETE FACIAL ANTIACNE 280ML &#8211; LABOTRAT no dia acima especificado era de <strong>R$ 62.00<\/strong>.<\/h3>\n<p>Confira o pre\u00e7o atual aqui: <a href=\"https:\/\/www.awin1.com\/pclick.php?p=43521252415&#038;a=690303&#038;m=62481\" rel=\"noopener sponsored\"><img decoding=\"async\" src=\"https:\/\/ui.awin.com\/images\/upload\/merchant\/profile\/62481.png\" alt=\"SABONETE FACIAL ANTIACNE 280ML - LABOTRAT\" \/> &#8211; nas lojas Beleza na Web PRO BR<\/a><\/p>\n<p><img decoding=\"async\" src=\"https:\/\/res.cloudinary.com\/beleza-na-web\/image\/upload\/w_1500\/f_auto\/fl_progressive\/q_auto:best\/v1\/imagens\/product\/MP174983\/4a8587cc-f5b3-48e7-9837-11b2b1d98a0d-mp174983-sabonete-facial-antiacne-280ml-labotrat.png\" alt=\"SABONETE FACIAL ANTIACNE 280ML - LABOTRAT\" \/><br \/>\nSabonete Facial Antiacne 280ml Labotrat Atua de forma secativa e cicatrizantes. Com ativos que promovem uma esfolia\u00e7\u00e3o suave da pele, diminuindo a produ\u00e7\u00e3o de seno, desobstruindo os poros com uma limpeza profunda, auxiliando no combate de a acne e o excesso de oleosidade, sem ressecar a pele. Com \u00e1cido Salic\u00edlico e Extrato de Melaleuca. Para peles mistas e oleosas. Uso di\u00e1rio. Dermatologicamente Testado. Livre de parabenos. Modo de uso: Com o rosto molhado aplicar quantidade suficiente do Sabonete Antiacne, massagear com movimentos circulares e suaves at\u00e9 obten\u00e7\u00e3o de espuma cremosa, em seguida fazer remo\u00e7\u00e3o total do produto com \u00e1gua. Usar 2 a 3 vezes ao dia.<\/p>\n<h4>Aproveite e pesquise o pre\u00e7o deste produto em dezenas de lojas dos marketplaces abaixo:<\/h4>\n<p><a href=\"https:\/\/www.magazinevoce.com.br\/magazineezu\/busca\/SABONETE FACIAL ANTIACNE 280ML - LABOTRAT\/\" target=\"_blank\" rel=\"noopener\"><img decoding=\"async\" src=\"https:\/\/mvc.mlcdn.com.br\/ad\/2503_superofertas.png\" alt=\"Pesquise no Magazine eZu\" \/> &#8211; da Parceria MAGALU<\/a>.<\/p>\n<p>Ainda n\u00e3o encontrou a melhor op\u00e7\u00e3o de compra? Oferecemos mais uma possibilidade de <strong>busca<\/strong> mais ampla para <a href=\"https:\/\/ecompare.com.br\/lojas\/resultados-da-pesquisa\/?q=SABONETE FACIAL ANTIACNE 280ML - LABOTRAT#gsc.tab=0&amp;gsc.q=SABONETE FACIAL ANTIACNE 280ML - LABOTRAT&amp;gsc.page=1\" target=\"_blank\" rel=\"noopener\">SABONETE FACIAL ANTIACNE 280ML &#8211; LABOTRAT, clique e continue <strong>pesquisando&#8230;<\/strong><\/a><\/p>\n<hr \/>\n","protected":false},"excerpt":{"rendered":"<p>R$ 62.00 nas lojas <a href=\"https:\/\/www.awin1.com\/pclick.php?p=43521252415&#038;a=690303&#038;m=62481\" target=\"_blank\" rel=\"sponsored\">Beleza na Web PRO BR<\/a><\/p>\n","protected":false},"author":1,"featured_media":0,"comment_status":"closed","ping_status":"closed","sticky":false,"template":"","format":"standard","meta":{"footnotes":""},"categories":[2],"tags":[2643,2949],"class_list":["post-113577","post","type-post","status-publish","format-standard","hentry","category-produtos","tag-62-00","tag-beleza-na-web-pro-br"],"_links":{"self":[{"href":"https:\/\/jr1.com.br\/shopping\/wp-json\/wp\/v2\/posts\/113577","targetHints":{"allow":["GET"]}}],"collection":[{"href":"https:\/\/jr1.com.br\/shopping\/wp-json\/wp\/v2\/posts"}],"about":[{"href":"https:\/\/jr1.com.br\/shopping\/wp-json\/wp\/v2\/types\/post"}],"author":[{"embeddable":true,"href":"https:\/\/jr1.com.br\/shopping\/wp-json\/wp\/v2\/users\/1"}],"replies":[{"embeddable":true,"href":"https:\/\/jr1.com.br\/shopping\/wp-json\/wp\/v2\/comments?post=113577"}],"version-history":[{"count":0,"href":"https:\/\/jr1.com.br\/shopping\/wp-json\/wp\/v2\/posts\/113577\/revisions"}],"wp:attachment":[{"href":"https:\/\/jr1.com.br\/shopping\/wp-json\/wp\/v2\/media?parent=113577"}],"wp:term":[{"taxonomy":"category","embeddable":true,"href":"https:\/\/jr1.com.br\/shopping\/wp-json\/wp\/v2\/categories?post=113577"},{"taxonomy":"post_tag","embeddable":true,"href":"https:\/\/jr1.com.br\/shopping\/wp-json\/wp\/v2\/tags?post=113577"}],"curies":[{"name":"wp","href":"https:\/\/api.w.org\/{rel}","templated":true}]}}