{"id":11433,"date":"2025-08-20T10:57:32","date_gmt":"2025-08-20T10:57:32","guid":{"rendered":"https:\/\/jr1.com.br\/shopping\/2025\/08\/20\/cama-infantil-cabana-com-colchao-itapua-azul-38605495674\/"},"modified":"2025-08-20T10:57:32","modified_gmt":"2025-08-20T10:57:32","slug":"cama-infantil-cabana-com-colchao-itapua-azul-38605495674","status":"publish","type":"post","link":"https:\/\/jr1.com.br\/shopping\/2025\/08\/20\/cama-infantil-cabana-com-colchao-itapua-azul-38605495674\/","title":{"rendered":"Cama Infantil Cabana com Colch\u00e3o Itapu\u00e3\/Azul &#8211; 38605495674"},"content":{"rendered":"<h2><\/h2>\n<h3>O pre\u00e7o de Cama Infantil Cabana com Colch\u00e3o Itapu\u00e3\/Azul no dia acima especificado era de <strong>R$ 581.99<\/strong>.<\/h3>\n<p>Confira o pre\u00e7o atual aqui: <a href=\"https:\/\/www.casatema.com.br\/cama-infantil-cabana-com-colchao-itapua-azul\/p?idsku=850151?utm_source=awin&#038;utm_medium=aff&#038;utm_campaign=690303&#038;utm_content=u1&#038;utm_term=&#038;sv1=affiliate&#038;sv_campaign_id=690303&#038;awc=64882_1747143695_604e9a136a087f3da65a6e07584fd7f3\" target=\"_blank\" rel=\"noopener sponsored\"><img decoding=\"async\" src=\"https:\/\/ui.awin.com\/images\/upload\/merchant\/profile\/100453.png\" alt=\"Cama Infantil Cabana com Colch\u00e3o Itapu\u00e3\/Azul\" \/> &#8211; nas lojas  Casa Tema BR<\/a><\/p>\n<p><img decoding=\"async\" src=\"https:\/\/casatema.vteximg.com.br\/arquivos\/ids\/881633_2\" alt=\"Cama Infantil Cabana com Colch\u00e3o Itapu\u00e3\/Azul\" \/><br \/>\nCama Infantil Cabana com Colch\u00e3o Itapu\u00e3\/AzulCama Infantil Cabana com Colch\u00e3o Itapu\u00e3\/Azul. O quarto da sua crian\u00e7a ficar\u00e1 ainda mais charmoso com a nossa Cama Infantil em formato de Cabana da Completa M\u00f3veis. Sua barra central, permite pendurar luzes ou mesmo bandeirolas para deixar o espa\u00e7o ainda mais aconchegante. A altura do colch\u00e3o \u00e9 perfeita para dar mais autonomia aos pequenos e, para garantir noites seguras para seus filhos. Montagem pr\u00e1tica e produto dispon\u00edvel em tr\u00eas combina\u00e7\u00f5es de cores. Colch\u00e3o incluso, densidade D18.Caracter\u00edsticas:Cor: Itapu\u00e3\/AzulGarantia: 03 mesesAcompanha Dossel: N\u00e3oComplexidade da Montagem: Baixa: pode ser montado por uma pessoa sozinhaPeso Suportado por cada cama: 80.0000Possui Gavetas: N\u00e3oCor Predominante: MarromCor do Produto: Itapu\u00e3\/AzulPeso: 19 kgAltura: 130,5 cmLargura: 158 cmSuporta At\u00e9 (kg): 80 kgProfundidade: 72,5 cmItens Inclusos: 1 Cama, kit ferragens e manual de montagemNecessita Montagem: SimAmbiente Principal: Quarto InfantilAcabamento: Finish FoilAcompanha Cama Auxiliar: N\u00e3oPermite a Utiliza\u00e7\u00e3o de Cama Auxiliar: N\u00e3oTamanho da Cama: InfantilTipo de Colch\u00e3o: InfantilAcompanha Colch\u00e3o: SimTipo de Estrado: FixoPossui Ba\u00fa: N\u00e3oTipo de Cama: MontessorianaInforma\u00e7\u00f5es Complementares: Cama Cabana MontessorianaMaterial Principal: MDPRecomenda\u00e7\u00f5es de Uso, Manuten\u00e7\u00e3o e Limpeza: Use um pano levemente umedecido com \u00e1gua, seguido de pano seco. N\u00e3o utilize produtos qu\u00edmicos ou abrasivos<\/p>\n<h4>Aproveite e pesquise o pre\u00e7o deste produto em dezenas de lojas dos marketplaces abaixo:<\/h4>\n<p><a href=\"https:\/\/www.magazinevoce.com.br\/magazineezu\/busca\/Cama Infantil Cabana com Colch\u00e3o Itapu\u00e3\/Azul\/\" target=\"_blank\" rel=\"noopener\"><img decoding=\"async\" src=\"https:\/\/mvc.mlcdn.com.br\/ad\/2503_superofertas.png\" alt=\"Pesquise no Magazine eZu\" \/> &#8211; da Parceria MAGALU<\/a>.<\/p>\n<p>Ainda n\u00e3o encontrou a melhor op\u00e7\u00e3o de compra? Oferecemos mais uma possibilidade de <strong>busca<\/strong> mais ampla para <a href=\"https:\/\/ecompare.com.br\/lojas\/resultados-da-pesquisa\/?q=Cama Infantil Cabana com Colch\u00e3o Itapu\u00e3\/Azul#gsc.tab=0&amp;gsc.q=Cama Infantil Cabana com Colch\u00e3o Itapu\u00e3\/Azul&amp;gsc.page=1\" target=\"_blank\" rel=\"noopener\">Cama Infantil Cabana com Colch\u00e3o Itapu\u00e3\/Azul, clique e continue <strong>pesquisando&#8230;<\/strong><\/a><\/p>\n<hr \/>\n","protected":false},"excerpt":{"rendered":"<p>R$ 581.99 nas lojas <a href=\"https:\/\/www.awin1.com\/pclick.php?p=38605495674&#038;a=690303&#038;m=100453\" target=\"_blank\" rel=\"sponsored\">Casa Tema BR<\/a><\/p>\n","protected":false},"author":1,"featured_media":0,"comment_status":"closed","ping_status":"closed","sticky":false,"template":"","format":"standard","meta":{"footnotes":""},"categories":[2],"tags":[21],"class_list":["post-11433","post","type-post","status-publish","format-standard","hentry","category-produtos","tag-casa-tema-br"],"_links":{"self":[{"href":"https:\/\/jr1.com.br\/shopping\/wp-json\/wp\/v2\/posts\/11433","targetHints":{"allow":["GET"]}}],"collection":[{"href":"https:\/\/jr1.com.br\/shopping\/wp-json\/wp\/v2\/posts"}],"about":[{"href":"https:\/\/jr1.com.br\/shopping\/wp-json\/wp\/v2\/types\/post"}],"author":[{"embeddable":true,"href":"https:\/\/jr1.com.br\/shopping\/wp-json\/wp\/v2\/users\/1"}],"replies":[{"embeddable":true,"href":"https:\/\/jr1.com.br\/shopping\/wp-json\/wp\/v2\/comments?post=11433"}],"version-history":[{"count":0,"href":"https:\/\/jr1.com.br\/shopping\/wp-json\/wp\/v2\/posts\/11433\/revisions"}],"wp:attachment":[{"href":"https:\/\/jr1.com.br\/shopping\/wp-json\/wp\/v2\/media?parent=11433"}],"wp:term":[{"taxonomy":"category","embeddable":true,"href":"https:\/\/jr1.com.br\/shopping\/wp-json\/wp\/v2\/categories?post=11433"},{"taxonomy":"post_tag","embeddable":true,"href":"https:\/\/jr1.com.br\/shopping\/wp-json\/wp\/v2\/tags?post=11433"}],"curies":[{"name":"wp","href":"https:\/\/api.w.org\/{rel}","templated":true}]}}