{"id":114622,"date":"2026-03-11T10:02:27","date_gmt":"2026-03-11T10:02:27","guid":{"rendered":"https:\/\/jr1.com.br\/shopping\/2026\/03\/11\/kit-loreal-professionnel-serie-expert-pro-longer-mascara-capilar-500g-2-unidades\/"},"modified":"2026-03-11T10:02:27","modified_gmt":"2026-03-11T10:02:27","slug":"kit-loreal-professionnel-serie-expert-pro-longer-mascara-capilar-500g-2-unidades","status":"publish","type":"post","link":"https:\/\/jr1.com.br\/shopping\/2026\/03\/11\/kit-loreal-professionnel-serie-expert-pro-longer-mascara-capilar-500g-2-unidades\/","title":{"rendered":"Kit L&#8217;Or\u00e9al Professionnel Serie Expert Pro Longer &#8211; M\u00e1scara Capilar 500g (2 unidades)"},"content":{"rendered":"<h2><\/h2>\n<h3>O pre\u00e7o de Kit L&#8217;Or\u00e9al Professionnel Serie Expert Pro Longer &#8211; M\u00e1scara Capilar 500g (2 unidades) no dia acima especificado era de <strong>R$ 929.90<\/strong>.<\/h3>\n<p>Confira o pre\u00e7o atual aqui: <a href=\"https:\/\/www.awin1.com\/pclick.php?p=43744023036&#038;a=690303&#038;m=62481\" rel=\"noopener sponsored\"><img decoding=\"async\" src=\"https:\/\/ui.awin.com\/images\/upload\/merchant\/profile\/62481.png\" alt=\"Kit L'Or\u00e9al Professionnel Serie Expert Pro Longer - M\u00e1scara Capilar 500g (2 unidades)\" \/> &#8211; nas lojas Beleza na Web PRO BR<\/a><\/p>\n<p><img decoding=\"async\" src=\"https:\/\/res.cloudinary.com\/beleza-na-web\/image\/upload\/w_1500\/f_auto\/fl_progressive\/q_auto:best\/v1\/imagens\/product\/7696-40795\/64978e9e-fb3b-4e6a-8ca1-7425c67da34a-2024-10-03t174256758319768-7696-40795-61dd747099d5404f13dc824a.jpg\" alt=\"Kit L'Or\u00e9al Professionnel Serie Expert Pro Longer - M\u00e1scara Capilar 500g (2 unidades)\" \/><br \/>\nKit L&#8217;Or\u00e9al Professionnel Serie Expert Pro Longer &#8211; M\u00e1scara Capilar 500g (2 unidades) M\u00e1scara de tratamento para cabelos longos com pontas afinadas ou danificadas. hidrata e devolve densidade aos fios. Com a\u00e7\u00e3o renovadora, confere uma redu\u00e7\u00e3o de at\u00e9 66% das pontas duplas, gra\u00e7as a sua f\u00f3rmula que cont\u00e9m ativos poderosos e inovadores. O resultado que a m\u00e1scara L&#8217;Or\u00e9al Pro Longer entrega \u00e9 um cabelo longo mais forte, denso, com brilho e preenchimento de pontas danificadas e afinadas. Conselho de Aplica\u00e7\u00e3o Aplique sua L&#8217;Or\u00e9al Pro Longer, concentrando a m\u00e1scara no cabelo lavado e \u00famido, ap\u00f3s utiliza\u00e7\u00e3o do shampoo. Deixar agir por 3 a 5 minutos. Enx\u00e1gue bem.<\/p>\n<h4>Aproveite e pesquise o pre\u00e7o deste produto em dezenas de lojas dos marketplaces abaixo:<\/h4>\n<p><a href=\"https:\/\/www.magazinevoce.com.br\/magazineezu\/busca\/Kit L'Or\u00e9al Professionnel Serie Expert Pro Longer - M\u00e1scara Capilar 500g (2 unidades)\/\" target=\"_blank\" rel=\"noopener\"><img decoding=\"async\" src=\"https:\/\/mvc.mlcdn.com.br\/ad\/2503_superofertas.png\" alt=\"Pesquise no Magazine eZu\" \/> &#8211; da Parceria MAGALU<\/a>.<\/p>\n<p>Ainda n\u00e3o encontrou a melhor op\u00e7\u00e3o de compra? Oferecemos mais uma possibilidade de <strong>busca<\/strong> mais ampla para <a href=\"https:\/\/ecompare.com.br\/lojas\/resultados-da-pesquisa\/?q=Kit L'Or\u00e9al Professionnel Serie Expert Pro Longer - M\u00e1scara Capilar 500g (2 unidades)#gsc.tab=0&amp;gsc.q=Kit L'Or\u00e9al Professionnel Serie Expert Pro Longer - M\u00e1scara Capilar 500g (2 unidades)&amp;gsc.page=1\" target=\"_blank\" rel=\"noopener\">Kit L&#8217;Or\u00e9al Professionnel Serie Expert Pro Longer &#8211; M\u00e1scara Capilar 500g (2 unidades), clique e continue <strong>pesquisando&#8230;<\/strong><\/a><\/p>\n<hr \/>\n","protected":false},"excerpt":{"rendered":"<p>R$ 929.90 nas lojas <a href=\"https:\/\/www.awin1.com\/pclick.php?p=43744023036&#038;a=690303&#038;m=62481\" target=\"_blank\" rel=\"sponsored\">Beleza na Web PRO BR<\/a><\/p>\n","protected":false},"author":1,"featured_media":0,"comment_status":"closed","ping_status":"closed","sticky":false,"template":"","format":"standard","meta":{"footnotes":""},"categories":[2],"tags":[2698,2949],"class_list":["post-114622","post","type-post","status-publish","format-standard","hentry","category-produtos","tag-929-90","tag-beleza-na-web-pro-br"],"_links":{"self":[{"href":"https:\/\/jr1.com.br\/shopping\/wp-json\/wp\/v2\/posts\/114622","targetHints":{"allow":["GET"]}}],"collection":[{"href":"https:\/\/jr1.com.br\/shopping\/wp-json\/wp\/v2\/posts"}],"about":[{"href":"https:\/\/jr1.com.br\/shopping\/wp-json\/wp\/v2\/types\/post"}],"author":[{"embeddable":true,"href":"https:\/\/jr1.com.br\/shopping\/wp-json\/wp\/v2\/users\/1"}],"replies":[{"embeddable":true,"href":"https:\/\/jr1.com.br\/shopping\/wp-json\/wp\/v2\/comments?post=114622"}],"version-history":[{"count":0,"href":"https:\/\/jr1.com.br\/shopping\/wp-json\/wp\/v2\/posts\/114622\/revisions"}],"wp:attachment":[{"href":"https:\/\/jr1.com.br\/shopping\/wp-json\/wp\/v2\/media?parent=114622"}],"wp:term":[{"taxonomy":"category","embeddable":true,"href":"https:\/\/jr1.com.br\/shopping\/wp-json\/wp\/v2\/categories?post=114622"},{"taxonomy":"post_tag","embeddable":true,"href":"https:\/\/jr1.com.br\/shopping\/wp-json\/wp\/v2\/tags?post=114622"}],"curies":[{"name":"wp","href":"https:\/\/api.w.org\/{rel}","templated":true}]}}