{"id":115839,"date":"2026-03-04T20:50:12","date_gmt":"2026-03-04T20:50:12","guid":{"rendered":"https:\/\/jr1.com.br\/shopping\/2026\/03\/04\/taiff-red-ion-bivolt-prancha-de-cabelo\/"},"modified":"2026-03-04T20:50:12","modified_gmt":"2026-03-04T20:50:12","slug":"taiff-red-ion-bivolt-prancha-de-cabelo","status":"publish","type":"post","link":"https:\/\/jr1.com.br\/shopping\/2026\/03\/04\/taiff-red-ion-bivolt-prancha-de-cabelo\/","title":{"rendered":"Taiff Red \u00cdon Bivolt &#8211; Prancha de Cabelo"},"content":{"rendered":"<h2>Sa\u00fade e beleza > Cuidados pessoais > Cuidados com os cabelos > Utens\u00edlios de penteado > Pranchas modeladoras<\/h2>\n<h3>O pre\u00e7o de Taiff Red \u00cdon Bivolt &#8211; Prancha de Cabelo no dia acima especificado era de <strong>R$ 319.90<\/strong>.<\/h3>\n<p>Confira o pre\u00e7o atual aqui: <a href=\"https:\/\/www.awin1.com\/pclick.php?p=43048545893&#038;a=690303&#038;m=62481\" rel=\"noopener sponsored\"><img decoding=\"async\" src=\"https:\/\/ui.awin.com\/images\/upload\/merchant\/profile\/62481.png\" alt=\"Taiff Red \u00cdon Bivolt - Prancha de Cabelo\" \/> &#8211; nas lojas Beleza na Web PRO BR<\/a><\/p>\n<p><img decoding=\"async\" src=\"https:\/\/res.cloudinary.com\/beleza-na-web\/image\/upload\/w_1500\/f_auto\/fl_progressive\/q_auto:best\/v1\/imagens\/product\/MP54099\/d8b6ad56-6467-4ca9-b2f0-155ca40f4302-chapinha-para-cabelos-taiff-red-ion-bivoltjpg10611172782960604372.jpg\" alt=\"Taiff Red \u00cdon Bivolt - Prancha de Cabelo\" \/><br \/>\nPrancha para cabelos. Taiff Red \u00cdon Bivolt \u00e9 superleve, ergon\u00f4mica e com 200\u00baC, unindo tecnologia, performance e cuidado: placas de cer\u00e2mica garantem aquecimento uniforme, \u00edons negativos reduzem o frizz e preservam o brilho, enquanto o cabo girat\u00f3rio e o autodesligamento oferecem conforto e seguran\u00e7a. A Prancha para Cabelos Taiff Red \u00cdon Bivolt traz o Sistema dual Transmission, que mant\u00e9m a temperatura da chapa constante atrav\u00e9s da reposi\u00e7\u00e3o instant\u00e2nea de calor e a tecnologia PTC garante que a temperatura n\u00e3o oscile, resultando em maior seguran\u00e7a e sa\u00fade aos fios. Ela \u00e9 bivolt autom\u00e1tica, chave de liga e desliga, e o cabo de 1,80 metro de comprimento permite ao profissional maior durabilidade. Caracter\u00edsticas e benef\u00edcios da Prancha Taiff Red \u00cdon Bivolt: \u25b8 Voltagem: Bivolt \u25b8 Pot\u00eancia: 48W &#8211; 53W \u25b8 At\u00e9 200\u00baC \u25b8 Perfil de Cer\u00e2mica \u25b8 Aquecimento R\u00e1pido \u25b8 \u00cdons Negativos Para Mais Brilho e Maciez \u25b8 Cabo de 1,80 Metros \u25b8 Peso: 0,400Kg A Taiff \u00e9 uma marca brasileira especializada na fabrica\u00e7\u00e3o de produtos el\u00e9tricos para cuidados com os cabelos, como secadores, chapinhas e modeladores. \u00c9 reconhecida como refer\u00eancia no mercado nacional e internacional, tanto por consumidores quanto por profissionais da beleza, devido \u00e0 sua qualidade e inova\u00e7\u00e3o. Encontre aqui os outros produtos da marca Taiff .<\/p>\n<h4>Aproveite e pesquise o pre\u00e7o deste produto em dezenas de lojas dos marketplaces abaixo:<\/h4>\n<p><a href=\"https:\/\/www.magazinevoce.com.br\/magazineezu\/busca\/Taiff Red \u00cdon Bivolt - Prancha de Cabelo\/\" target=\"_blank\" rel=\"noopener\"><img decoding=\"async\" src=\"https:\/\/mvc.mlcdn.com.br\/ad\/2503_superofertas.png\" alt=\"Pesquise no Magazine eZu\" \/> &#8211; da Parceria MAGALU<\/a>.<\/p>\n<p>Ainda n\u00e3o encontrou a melhor op\u00e7\u00e3o de compra? Oferecemos mais uma possibilidade de <strong>busca<\/strong> mais ampla para <a href=\"https:\/\/ecompare.com.br\/lojas\/resultados-da-pesquisa\/?q=Taiff Red \u00cdon Bivolt - Prancha de Cabelo#gsc.tab=0&amp;gsc.q=Taiff Red \u00cdon Bivolt - Prancha de Cabelo&amp;gsc.page=1\" target=\"_blank\" rel=\"noopener\">Taiff Red \u00cdon Bivolt &#8211; Prancha de Cabelo, clique e continue <strong>pesquisando&#8230;<\/strong><\/a><\/p>\n<hr \/>\n","protected":false},"excerpt":{"rendered":"<p>R$ 319.90 nas lojas <a href=\"https:\/\/www.awin1.com\/pclick.php?p=43048545893&#038;a=690303&#038;m=62481\" target=\"_blank\" rel=\"sponsored\">Beleza na Web PRO BR<\/a><\/p>\n","protected":false},"author":1,"featured_media":0,"comment_status":"closed","ping_status":"closed","sticky":false,"template":"","format":"standard","meta":{"footnotes":""},"categories":[2],"tags":[2068,2949],"class_list":["post-115839","post","type-post","status-publish","format-standard","hentry","category-produtos","tag-319-90","tag-beleza-na-web-pro-br"],"_links":{"self":[{"href":"https:\/\/jr1.com.br\/shopping\/wp-json\/wp\/v2\/posts\/115839","targetHints":{"allow":["GET"]}}],"collection":[{"href":"https:\/\/jr1.com.br\/shopping\/wp-json\/wp\/v2\/posts"}],"about":[{"href":"https:\/\/jr1.com.br\/shopping\/wp-json\/wp\/v2\/types\/post"}],"author":[{"embeddable":true,"href":"https:\/\/jr1.com.br\/shopping\/wp-json\/wp\/v2\/users\/1"}],"replies":[{"embeddable":true,"href":"https:\/\/jr1.com.br\/shopping\/wp-json\/wp\/v2\/comments?post=115839"}],"version-history":[{"count":0,"href":"https:\/\/jr1.com.br\/shopping\/wp-json\/wp\/v2\/posts\/115839\/revisions"}],"wp:attachment":[{"href":"https:\/\/jr1.com.br\/shopping\/wp-json\/wp\/v2\/media?parent=115839"}],"wp:term":[{"taxonomy":"category","embeddable":true,"href":"https:\/\/jr1.com.br\/shopping\/wp-json\/wp\/v2\/categories?post=115839"},{"taxonomy":"post_tag","embeddable":true,"href":"https:\/\/jr1.com.br\/shopping\/wp-json\/wp\/v2\/tags?post=115839"}],"curies":[{"name":"wp","href":"https:\/\/api.w.org\/{rel}","templated":true}]}}