{"id":116104,"date":"2026-03-10T18:56:53","date_gmt":"2026-03-10T18:56:53","guid":{"rendered":"https:\/\/jr1.com.br\/shopping\/2026\/03\/10\/klass-vough-porta-pincel-necessaire-dobravel\/"},"modified":"2026-03-10T18:56:53","modified_gmt":"2026-03-10T18:56:53","slug":"klass-vough-porta-pincel-necessaire-dobravel","status":"publish","type":"post","link":"https:\/\/jr1.com.br\/shopping\/2026\/03\/10\/klass-vough-porta-pincel-necessaire-dobravel\/","title":{"rendered":"Klass Vough Porta Pincel &#8211; N\u00e9cessaire Dobr\u00e1vel"},"content":{"rendered":"<h2>Sa\u00fade e beleza<\/h2>\n<h3>O pre\u00e7o de Klass Vough Porta Pincel &#8211; N\u00e9cessaire Dobr\u00e1vel no dia acima especificado era de <strong>R$ 94.90<\/strong>.<\/h3>\n<p>Confira o pre\u00e7o atual aqui: <a href=\"https:\/\/www.awin1.com\/pclick.php?p=40666784830&#038;a=690303&#038;m=62481\" rel=\"noopener sponsored\"><img decoding=\"async\" src=\"https:\/\/ui.awin.com\/images\/upload\/merchant\/profile\/62481.png\" alt=\"Klass Vough Porta Pincel - N\u00e9cessaire Dobr\u00e1vel\" \/> &#8211; nas lojas Beleza na Web PRO BR<\/a><\/p>\n<p><img decoding=\"async\" src=\"https:\/\/res.cloudinary.com\/beleza-na-web\/image\/upload\/w_1500\/f_auto\/fl_progressive\/q_auto:best\/v1\/imagens\/product\/MP70042\/f9cb4718-260c-4abb-81b8-6e60616c1ec0-necessaire-porta-pincel-dobravel-klass-voughjpg6480048210712087987.jpg\" alt=\"Klass Vough Porta Pincel - N\u00e9cessaire Dobr\u00e1vel\" \/><br \/>\nN\u00e9cessaire dobr\u00e1vel. Klass Vough Porta Pincel \u00e9 pr\u00e1tica e super funcional, conta com uma base que garante estabilidade. A N\u00e9cessaire Dobr\u00e1vel Klass Vough Porta Pincel \u00e9 um produto super \u00fatil e de material resistente que permite organizar suas maquiagens e ter acesso a elas de forma f\u00e1cil. Tamanho: 245mm X1 35mm X 85mm Material: Tecido e Trama em rede. *N\u00e3o acompanha os produtos<\/p>\n<h4>Aproveite e pesquise o pre\u00e7o deste produto em dezenas de lojas dos marketplaces abaixo:<\/h4>\n<p><a href=\"https:\/\/www.magazinevoce.com.br\/magazineezu\/busca\/Klass Vough Porta Pincel - N\u00e9cessaire Dobr\u00e1vel\/\" target=\"_blank\" rel=\"noopener\"><img decoding=\"async\" src=\"https:\/\/mvc.mlcdn.com.br\/ad\/2503_superofertas.png\" alt=\"Pesquise no Magazine eZu\" \/> &#8211; da Parceria MAGALU<\/a>.<\/p>\n<p>Ainda n\u00e3o encontrou a melhor op\u00e7\u00e3o de compra? Oferecemos mais uma possibilidade de <strong>busca<\/strong> mais ampla para <a href=\"https:\/\/ecompare.com.br\/lojas\/resultados-da-pesquisa\/?q=Klass Vough Porta Pincel - N\u00e9cessaire Dobr\u00e1vel#gsc.tab=0&amp;gsc.q=Klass Vough Porta Pincel - N\u00e9cessaire Dobr\u00e1vel&amp;gsc.page=1\" target=\"_blank\" rel=\"noopener\">Klass Vough Porta Pincel &#8211; N\u00e9cessaire Dobr\u00e1vel, clique e continue <strong>pesquisando&#8230;<\/strong><\/a><\/p>\n<hr \/>\n","protected":false},"excerpt":{"rendered":"<p>R$ 94.90 nas lojas <a href=\"https:\/\/www.awin1.com\/pclick.php?p=40666784830&#038;a=690303&#038;m=62481\" target=\"_blank\" rel=\"sponsored\">Beleza na Web PRO BR<\/a><\/p>\n","protected":false},"author":1,"featured_media":0,"comment_status":"closed","ping_status":"closed","sticky":false,"template":"","format":"standard","meta":{"footnotes":""},"categories":[2],"tags":[2355,2949],"class_list":["post-116104","post","type-post","status-publish","format-standard","hentry","category-produtos","tag-94-90","tag-beleza-na-web-pro-br"],"_links":{"self":[{"href":"https:\/\/jr1.com.br\/shopping\/wp-json\/wp\/v2\/posts\/116104","targetHints":{"allow":["GET"]}}],"collection":[{"href":"https:\/\/jr1.com.br\/shopping\/wp-json\/wp\/v2\/posts"}],"about":[{"href":"https:\/\/jr1.com.br\/shopping\/wp-json\/wp\/v2\/types\/post"}],"author":[{"embeddable":true,"href":"https:\/\/jr1.com.br\/shopping\/wp-json\/wp\/v2\/users\/1"}],"replies":[{"embeddable":true,"href":"https:\/\/jr1.com.br\/shopping\/wp-json\/wp\/v2\/comments?post=116104"}],"version-history":[{"count":0,"href":"https:\/\/jr1.com.br\/shopping\/wp-json\/wp\/v2\/posts\/116104\/revisions"}],"wp:attachment":[{"href":"https:\/\/jr1.com.br\/shopping\/wp-json\/wp\/v2\/media?parent=116104"}],"wp:term":[{"taxonomy":"category","embeddable":true,"href":"https:\/\/jr1.com.br\/shopping\/wp-json\/wp\/v2\/categories?post=116104"},{"taxonomy":"post_tag","embeddable":true,"href":"https:\/\/jr1.com.br\/shopping\/wp-json\/wp\/v2\/tags?post=116104"}],"curies":[{"name":"wp","href":"https:\/\/api.w.org\/{rel}","templated":true}]}}