{"id":116596,"date":"2026-03-19T15:51:08","date_gmt":"2026-03-19T15:51:08","guid":{"rendered":"https:\/\/jr1.com.br\/shopping\/2026\/03\/19\/combo-vult-verao-4-itens\/"},"modified":"2026-03-19T15:51:08","modified_gmt":"2026-03-19T15:51:08","slug":"combo-vult-verao-4-itens","status":"publish","type":"post","link":"https:\/\/jr1.com.br\/shopping\/2026\/03\/19\/combo-vult-verao-4-itens\/","title":{"rendered":"Combo Vult Ver\u00e3o (4 itens)"},"content":{"rendered":"<h2>Sa\u00fade e beleza > Cuidados pessoais > Cosm\u00e9ticos > Conjuntos de maquiagem<\/h2>\n<h3>O pre\u00e7o de Combo Vult Ver\u00e3o (4 itens) no dia acima especificado era de <strong>R$ 140.60<\/strong>.<\/h3>\n<p>Confira o pre\u00e7o atual aqui: <a href=\"https:\/\/www.awin1.com\/pclick.php?p=43044856182&#038;a=690303&#038;m=62481\" rel=\"noopener sponsored\"><img decoding=\"async\" src=\"https:\/\/ui.awin.com\/images\/upload\/merchant\/profile\/62481.png\" alt=\"Combo Vult Ver\u00e3o (4 itens)\" \/> &#8211; nas lojas Beleza na Web PRO BR<\/a><\/p>\n<p><img decoding=\"async\" src=\"https:\/\/res.cloudinary.com\/beleza-na-web\/image\/upload\/w_1500\/f_auto\/fl_progressive\/q_auto:best\/v1\/imagens\/product\/V2025111102\/659860c3-1338-44b1-9a21-1d6fb3332552-v2025111102.jpg\" alt=\"Combo Vult Ver\u00e3o (4 itens)\" \/><br \/>\nEste combo de maquiagem combina o cuidado labial com o visual de ver\u00e3o, trazendo o Balm Labial Cranberry FPS 15 Vult Soleil , o P\u00f3 Compacto Duo Blush e Bronzer Soleil Sunset , a Paleta de Sombras Soleil Sunset e o Gloss Labial Superbrilho Rosa Transl\u00facido Vult Colors . O objetivo do conjunto \u00e9 garantir um look completo, com a pele bronzeada, olhos intensos e l\u00e1bios hidratados e com brilho. A cole\u00e7\u00e3o Soleil Sunset \u00e9 inspirada no p\u00f4r do sol. BALM LABIAL CRANBERRY FPS 15 VULT SOLEIL Este hidratante labial com filtro solar \u00e9 essencial para a prote\u00e7\u00e3o e cuidado di\u00e1rio dos l\u00e1bios. Cont\u00e9m \u00f3leo de r\u00edcino e um complexo de vitaminas hidratantes, protegendo e hidratando a boca por at\u00e9 8h ap\u00f3s a aplica\u00e7\u00e3o. O sabor cranberry proporciona uma cor suave e um aspecto saud\u00e1vel, sendo customiz\u00e1vel . Prote\u00e7\u00e3o solar FPS 15 Textura ultraconfort\u00e1vel Produto vegano P\u00d3 COMPACTO DUO BLUSH E BRONZER SOLEIL SUNSET Este item vers\u00e1til de edi\u00e7\u00e3o limitada traz 2 cores em 1 produto para criar um acabamento bronze incr\u00edvel com a cara do ver\u00e3o. Sua f\u00f3rmula de textura leve e matte aveludada \u00e9 f\u00e1cil de esfumar e possibilita a constru\u00e7\u00e3o de camadas . Entrega um acabamento natural que real\u00e7a a maquiagem com cara de sa\u00fade. Combina\u00e7\u00e3o de cores customizada Efeito aveludado Permite a constru\u00e7\u00e3o de camadas PALETA DE SOMBRAS SOLEIL SUNSET Em edi\u00e7\u00e3o limitada , esta paleta vem em 5 cores para um look beijado pelo sol. \u00c9 multifuncional , podendo ser usada nos olhos e no rosto. Sua textura macia \u00e9 f\u00e1cil de aplicar e esfumar , al\u00e9m de oferecer alta pigmenta\u00e7\u00e3o e longa dura\u00e7\u00e3o . Diferentes efeitos em uma \u00fanica paleta: matte, cintilante e metalizado Textura macia e confort\u00e1vel que n\u00e3o acumula na p\u00e1lpebra N\u00e3o acumula na p\u00e1lpebra GLOSS LABIAL SUPERBRILHO ROSA TRANSL\u00daCIDO VULT COLORS Em edi\u00e7\u00e3o limitada, este gloss labial proporciona l\u00e1bios com mais volume e brilho hologr\u00e1fico . Desliza suavemente, sem ficar pegajoso e grudento , enquanto hidrata os l\u00e1bios com uma textura confort\u00e1vel . O tom rosa transl\u00facido traz um superbrilho intenso e duradouro . L\u00e1bios macios e hidratados N\u00e3o escorre Dermatologicamente testado Nenhum produto Vult \u00e9 testado em animais, ou seja, este item possui selo Cruelty Free.<\/p>\n<h4>Aproveite e pesquise o pre\u00e7o deste produto em dezenas de lojas dos marketplaces abaixo:<\/h4>\n<p><a href=\"https:\/\/www.magazinevoce.com.br\/magazineezu\/busca\/Combo Vult Ver\u00e3o (4 itens)\/\" target=\"_blank\" rel=\"noopener\"><img decoding=\"async\" src=\"https:\/\/mvc.mlcdn.com.br\/ad\/2503_superofertas.png\" alt=\"Pesquise no Magazine eZu\" \/> &#8211; da Parceria MAGALU<\/a>.<\/p>\n<p>Ainda n\u00e3o encontrou a melhor op\u00e7\u00e3o de compra? Oferecemos mais uma possibilidade de <strong>busca<\/strong> mais ampla para <a href=\"https:\/\/ecompare.com.br\/lojas\/resultados-da-pesquisa\/?q=Combo Vult Ver\u00e3o (4 itens)#gsc.tab=0&amp;gsc.q=Combo Vult Ver\u00e3o (4 itens)&amp;gsc.page=1\" target=\"_blank\" rel=\"noopener\">Combo Vult Ver\u00e3o (4 itens), clique e continue <strong>pesquisando&#8230;<\/strong><\/a><\/p>\n<hr \/>\n","protected":false},"excerpt":{"rendered":"<p>R$ 140.60 nas lojas <a href=\"https:\/\/www.awin1.com\/pclick.php?p=43044856182&#038;a=690303&#038;m=62481\" target=\"_blank\" rel=\"sponsored\">Beleza na Web PRO BR<\/a><\/p>\n","protected":false},"author":1,"featured_media":0,"comment_status":"closed","ping_status":"closed","sticky":false,"template":"","format":"standard","meta":{"footnotes":""},"categories":[2],"tags":[5588,2949],"class_list":["post-116596","post","type-post","status-publish","format-standard","hentry","category-produtos","tag-140-60","tag-beleza-na-web-pro-br"],"_links":{"self":[{"href":"https:\/\/jr1.com.br\/shopping\/wp-json\/wp\/v2\/posts\/116596","targetHints":{"allow":["GET"]}}],"collection":[{"href":"https:\/\/jr1.com.br\/shopping\/wp-json\/wp\/v2\/posts"}],"about":[{"href":"https:\/\/jr1.com.br\/shopping\/wp-json\/wp\/v2\/types\/post"}],"author":[{"embeddable":true,"href":"https:\/\/jr1.com.br\/shopping\/wp-json\/wp\/v2\/users\/1"}],"replies":[{"embeddable":true,"href":"https:\/\/jr1.com.br\/shopping\/wp-json\/wp\/v2\/comments?post=116596"}],"version-history":[{"count":0,"href":"https:\/\/jr1.com.br\/shopping\/wp-json\/wp\/v2\/posts\/116596\/revisions"}],"wp:attachment":[{"href":"https:\/\/jr1.com.br\/shopping\/wp-json\/wp\/v2\/media?parent=116596"}],"wp:term":[{"taxonomy":"category","embeddable":true,"href":"https:\/\/jr1.com.br\/shopping\/wp-json\/wp\/v2\/categories?post=116596"},{"taxonomy":"post_tag","embeddable":true,"href":"https:\/\/jr1.com.br\/shopping\/wp-json\/wp\/v2\/tags?post=116596"}],"curies":[{"name":"wp","href":"https:\/\/api.w.org\/{rel}","templated":true}]}}