{"id":11669,"date":"2025-08-21T06:43:18","date_gmt":"2025-08-21T06:43:18","guid":{"rendered":"https:\/\/jr1.com.br\/shopping\/2025\/08\/21\/quarto-de-bebe-com-guarda-roupa-e-berco-americano-100-mdf-ayla-branco-brilho-38605496174\/"},"modified":"2025-08-21T06:43:18","modified_gmt":"2025-08-21T06:43:18","slug":"quarto-de-bebe-com-guarda-roupa-e-berco-americano-100-mdf-ayla-branco-brilho-38605496174","status":"publish","type":"post","link":"https:\/\/jr1.com.br\/shopping\/2025\/08\/21\/quarto-de-bebe-com-guarda-roupa-e-berco-americano-100-mdf-ayla-branco-brilho-38605496174\/","title":{"rendered":"Quarto de Beb\u00ea com Guarda Roupa e Ber\u00e7o Americano 100% MDF Ayla Branco Brilho &#8211; 38605496174"},"content":{"rendered":"<h2><\/h2>\n<h3>O pre\u00e7o de Quarto de Beb\u00ea com Guarda Roupa e Ber\u00e7o Americano 100% MDF Ayla Branco Brilho no dia acima especificado era de <strong>R$ 1080.42<\/strong>.<\/h3>\n<p>Confira o pre\u00e7o atual aqui: <a href=\"https:\/\/www.casatema.com.br\/quarto-de-bebe-com-guarda-roupa-e-berco-americano-100--mdf-ayla-branco-brilho\/p?idsku=859325?utm_source=awin&#038;utm_medium=aff&#038;utm_campaign=690303&#038;utm_content=u1&#038;utm_term=&#038;sv1=affiliate&#038;sv_campaign_id=690303&#038;awc=64882_1747143695_604e9a136a087f3da65a6e07584fd7f3\" target=\"_blank\" rel=\"noopener sponsored\"><img decoding=\"async\" src=\"https:\/\/ui.awin.com\/images\/upload\/merchant\/profile\/100453.png\" alt=\"Quarto de Beb\u00ea com Guarda Roupa e Ber\u00e7o Americano 100% MDF Ayla Branco Brilho\" \/> &#8211; nas lojas  Casa Tema BR<\/a><\/p>\n<p><img decoding=\"async\" src=\"https:\/\/casatema.vteximg.com.br\/arquivos\/ids\/889422_2\" alt=\"Quarto de Beb\u00ea com Guarda Roupa e Ber\u00e7o Americano 100% MDF Ayla Branco Brilho\" \/><br \/>\nQuarto de Beb\u00ea com Guarda Roupa e Ber\u00e7o Americano 100% MDF Ayla Branco BrilhoQuarto de Beb\u00ea com Guarda Roupa e Ber\u00e7o Americano 100% MDF Ayla Branco Brilho. Proposta desenvolvida para oferecer qualidade, beleza, conforto e seguran\u00e7a para toda fam\u00edlia na hora de montar o quartinho do(a) beb\u00ea. Produtos estrurados em 100% MDF e com acabamento em pintura UV at\u00f3xica. O ber\u00e7o possui padr\u00e3o de colch\u00e3o americano, estrado com altura regul\u00e1vel e todas as bordas arredondadas e laqueadas, que proporcionam mais seguran\u00e7a e uma sensa\u00e7\u00e3o agrad\u00e1vel ao toque. J\u00e1 o guarda roupas possui gavetas que deslizam suavemente por corredi\u00e7as telesc\u00f3picas, facilitando a abertura, cabideiro met\u00e1lico e algumas prateleiras que s\u00e3o ideais para acomodar as pe\u00e7as com organiza\u00e7\u00e3o da sua prefer\u00eancia. Tamb\u00e9m acompanha o produto, 2 op\u00e7\u00f5es de rodap\u00e9s, um usinado (torneado) e outro retr\u00f4, para que voc\u00ea escolha no momento da montagem qual se adequa ao estilo do ambiente. Aproveite para adquirir o seu agora! Ambiente composto por: &#8211; 1 Guarda Roupa Infantil 3 Portas e 2 Gavetas 100% MDF 194,5 x 92,9 x 42 (AxLxP &#8211; cm) &#8211; 1 Ber\u00e7o Americano 100% MDF 85 x 133 x 76 (AxLxP &#8211; cm)Caracter\u00edsticas:Cor: Branco BrilhoMaterial Principal: MDFItens Inclusos: 1 Ber\u00e7o, 1 Guarda Roupa, 1 Kit Ferragens e Manual de MontagemSistema de Montagem: Parafusos autoatarraxantes, conjuntos minifix, cavilha mandeira, acess\u00f3rios pl\u00e1sticos\/met\u00e1licos.Necessita Montagem: SimComplexidade da Montagem: Alta: deve ser montado por um montador especializadoCor do Produto: Branco BrilhoPermite a Utiliza\u00e7\u00e3o de Cama Auxiliar: N\u00e3oPintura At\u00f3xica: SimEstrado com Regulagem de Altura: SimPossui Rod\u00edzio: N\u00e3oAcabamento: Pintura UVAmbiente Principal: Quarto de Beb\u00eaCor Predominante: BrancoGarantia: 03 mesesRecomenda\u00e7\u00f5es de Uso, Manuten\u00e7\u00e3o e Limpeza: Para limpeza utilize somente pano limpo e macio, ligeiramente umidecido em \u00e1gua (apenas o bastante para remover a poeira), seguido de um pano seco.<\/p>\n<h4>Aproveite e pesquise o pre\u00e7o deste produto em dezenas de lojas dos marketplaces abaixo:<\/h4>\n<p><a href=\"https:\/\/www.magazinevoce.com.br\/magazineezu\/busca\/Quarto de Beb\u00ea com Guarda Roupa e Ber\u00e7o Americano 100% MDF Ayla Branco Brilho\/\" target=\"_blank\" rel=\"noopener\"><img decoding=\"async\" src=\"https:\/\/mvc.mlcdn.com.br\/ad\/2503_superofertas.png\" alt=\"Pesquise no Magazine eZu\" \/> &#8211; da Parceria MAGALU<\/a>.<\/p>\n<p>Ainda n\u00e3o encontrou a melhor op\u00e7\u00e3o de compra? Oferecemos mais uma possibilidade de <strong>busca<\/strong> mais ampla para <a href=\"https:\/\/ecompare.com.br\/lojas\/resultados-da-pesquisa\/?q=Quarto de Beb\u00ea com Guarda Roupa e Ber\u00e7o Americano 100% MDF Ayla Branco Brilho#gsc.tab=0&amp;gsc.q=Quarto de Beb\u00ea com Guarda Roupa e Ber\u00e7o Americano 100% MDF Ayla Branco Brilho&amp;gsc.page=1\" target=\"_blank\" rel=\"noopener\">Quarto de Beb\u00ea com Guarda Roupa e Ber\u00e7o Americano 100% MDF Ayla Branco Brilho, clique e continue <strong>pesquisando&#8230;<\/strong><\/a><\/p>\n<hr \/>\n","protected":false},"excerpt":{"rendered":"<p>R$ 1080.42 nas lojas <a href=\"https:\/\/www.awin1.com\/pclick.php?p=38605496174&#038;a=690303&#038;m=100453\" target=\"_blank\" rel=\"sponsored\">Casa Tema BR<\/a><\/p>\n","protected":false},"author":1,"featured_media":0,"comment_status":"closed","ping_status":"closed","sticky":false,"template":"","format":"standard","meta":{"footnotes":""},"categories":[2],"tags":[21],"class_list":["post-11669","post","type-post","status-publish","format-standard","hentry","category-produtos","tag-casa-tema-br"],"_links":{"self":[{"href":"https:\/\/jr1.com.br\/shopping\/wp-json\/wp\/v2\/posts\/11669","targetHints":{"allow":["GET"]}}],"collection":[{"href":"https:\/\/jr1.com.br\/shopping\/wp-json\/wp\/v2\/posts"}],"about":[{"href":"https:\/\/jr1.com.br\/shopping\/wp-json\/wp\/v2\/types\/post"}],"author":[{"embeddable":true,"href":"https:\/\/jr1.com.br\/shopping\/wp-json\/wp\/v2\/users\/1"}],"replies":[{"embeddable":true,"href":"https:\/\/jr1.com.br\/shopping\/wp-json\/wp\/v2\/comments?post=11669"}],"version-history":[{"count":0,"href":"https:\/\/jr1.com.br\/shopping\/wp-json\/wp\/v2\/posts\/11669\/revisions"}],"wp:attachment":[{"href":"https:\/\/jr1.com.br\/shopping\/wp-json\/wp\/v2\/media?parent=11669"}],"wp:term":[{"taxonomy":"category","embeddable":true,"href":"https:\/\/jr1.com.br\/shopping\/wp-json\/wp\/v2\/categories?post=11669"},{"taxonomy":"post_tag","embeddable":true,"href":"https:\/\/jr1.com.br\/shopping\/wp-json\/wp\/v2\/tags?post=11669"}],"curies":[{"name":"wp","href":"https:\/\/api.w.org\/{rel}","templated":true}]}}