{"id":11964,"date":"2025-09-01T06:57:59","date_gmt":"2025-09-01T06:57:59","guid":{"rendered":"https:\/\/jr1.com.br\/shopping\/2025\/09\/01\/guarda-roupa-3-portas-2-gavetas-lara-nature-branco-38605496288\/"},"modified":"2025-09-01T06:57:59","modified_gmt":"2025-09-01T06:57:59","slug":"guarda-roupa-3-portas-2-gavetas-lara-nature-branco-38605496288","status":"publish","type":"post","link":"https:\/\/jr1.com.br\/shopping\/2025\/09\/01\/guarda-roupa-3-portas-2-gavetas-lara-nature-branco-38605496288\/","title":{"rendered":"Guarda-roupa 3 Portas 2 Gavetas Lara Nature\/Branco &#8211; 38605496288"},"content":{"rendered":"<h2><\/h2>\n<h3>O pre\u00e7o de Guarda-roupa 3 Portas 2 Gavetas Lara Nature\/Branco no dia acima especificado era de <strong>R$ 541.14<\/strong>.<\/h3>\n<p>Confira o pre\u00e7o atual aqui: <a href=\"https:\/\/www.casatema.com.br\/guarda-roupa-3-portas-2-gavetas-lara-nature-branco\/p?idsku=874464?utm_source=awin&#038;utm_medium=aff&#038;utm_campaign=690303&#038;utm_content=u1&#038;utm_term=&#038;sv1=affiliate&#038;sv_campaign_id=690303&#038;awc=64882_1747143695_604e9a136a087f3da65a6e07584fd7f3\" target=\"_blank\" rel=\"noopener sponsored\"><img decoding=\"async\" src=\"https:\/\/ui.awin.com\/images\/upload\/merchant\/profile\/100453.png\" alt=\"Guarda-roupa 3 Portas 2 Gavetas Lara Nature\/Branco\" \/> &#8211; nas lojas  Casa Tema BR<\/a><\/p>\n<p><img decoding=\"async\" src=\"https:\/\/casatema.vteximg.com.br\/arquivos\/ids\/892368_2\" alt=\"Guarda-roupa 3 Portas 2 Gavetas Lara Nature\/Branco\" \/><br \/>\nGuarda-roupa 3 Portas 2 Gavetas Lara Nature\/BrancoGuarda-roupa 3 Portas 2 Gavetas Lara Nature\/Branco. O Guarda Roupa Infantil 3 Portas Lara, conta com tr\u00eas portas cl\u00e1ssicas, que d\u00e3o acesso ao espa\u00e7o interno, onde voc\u00ea pode guardar a bolsa maternidade e toalhas de banho. Inclusive, as gavetinhas com puxadores do Guarda-Roupa ser\u00e3o \u00f3timas para guardar itens do enxoval de beb\u00ea, como fraldinhas, bodies e at\u00e9 mesmo o \u00e1lbum de fotografia do nen\u00e9m!Caracter\u00edsticas:Acabamento da Prateleira: Pintura UVEscala de Brilho da Prateleira: FoscoPossui Cabideiros: 01Acabamento da Gaveta: Pintura UVPossui Organizador de Gaveta: N\u00e3oAcabamento da Porta: Pintura UVEscala de Brilho da Porta: BrilhanteMaterial do Puxador da Porta: Pl\u00e1sticoTipo de Puxador da Porta: ExternoTipo de Dobradi\u00e7a\/Corredi\u00e7a da Porta: Met\u00e1licaTipo de Porta: BaterPossui Portas: SimComplexidade da Montagem: Alta: deve ser montado por um montador especializadoMaterial da Porta: MDPSistema de Montagem: Tampa, Pregos, ParafusosPossui Prateleiras: SimPeso M\u00e1ximo por Prateleira: 7 kgCor: Nature\/BrancoAltura: 185 cmEstilo: ModernoItens Inclusos: 1 Guarda-roupa e 1 Manual de montagemAltura M\u00e1xima dos P\u00e9s: 5.0000Produto Montado: SimPossui Espelho: N\u00e3oMaterial da Prateleira: MDPCor do Produto: Nature\/BrancoCor Predominante: MarromEscala de Brilho: BrilhanteAltura dos P\u00e9s: 5 cmMaterial dos P\u00e9s: Pl\u00e1sticoPossui P\u00e9s: 04Necessita Montagem: SimPeso: 49 kgLargura: 92,6 cmProfundidade: 42 cmTipo de Corredi\u00e7a da Gaveta: Met\u00e1lica SimplesMaterial Principal: MDPOrigem do Produto: NacionalTipo de Guarda-Roupa: Beb\u00eaGaveta com Chave: N\u00e3oMaterial da Gaveta: MDPPeso M\u00e1ximo por Gaveta: 5 kgTipo de Gaveta: ExternaPossui Gavetas: Simmodular: N\u00e3oPossui Calceiros: N\u00e3oLinha ou Cole\u00e7\u00e3o: Linha LaraGarantia: 03 mesesRecomenda\u00e7\u00f5es de Uso, Manuten\u00e7\u00e3o e Limpeza: Limpar com pano seco, manter em lugar livre de umidade, ao abrigo de exposi\u00e7\u00e3o direta ao sol.<\/p>\n<h4>Aproveite e pesquise o pre\u00e7o deste produto em dezenas de lojas dos marketplaces abaixo:<\/h4>\n<p><a href=\"https:\/\/www.magazinevoce.com.br\/magazineezu\/busca\/Guarda-roupa 3 Portas 2 Gavetas Lara Nature\/Branco\/\" target=\"_blank\" rel=\"noopener\"><img decoding=\"async\" src=\"https:\/\/mvc.mlcdn.com.br\/ad\/2503_superofertas.png\" alt=\"Pesquise no Magazine eZu\" \/> &#8211; da Parceria MAGALU<\/a>.<\/p>\n<p>Ainda n\u00e3o encontrou a melhor op\u00e7\u00e3o de compra? Oferecemos mais uma possibilidade de <strong>busca<\/strong> mais ampla para <a href=\"https:\/\/ecompare.com.br\/lojas\/resultados-da-pesquisa\/?q=Guarda-roupa 3 Portas 2 Gavetas Lara Nature\/Branco#gsc.tab=0&amp;gsc.q=Guarda-roupa 3 Portas 2 Gavetas Lara Nature\/Branco&amp;gsc.page=1\" target=\"_blank\" rel=\"noopener\">Guarda-roupa 3 Portas 2 Gavetas Lara Nature\/Branco, clique e continue <strong>pesquisando&#8230;<\/strong><\/a><\/p>\n<hr \/>\n","protected":false},"excerpt":{"rendered":"<p>R$ 541.14 nas lojas <a href=\"https:\/\/www.awin1.com\/pclick.php?p=38605496288&#038;a=690303&#038;m=100453\" target=\"_blank\" rel=\"sponsored\">Casa Tema BR<\/a><\/p>\n","protected":false},"author":1,"featured_media":0,"comment_status":"closed","ping_status":"closed","sticky":false,"template":"","format":"standard","meta":{"footnotes":""},"categories":[2],"tags":[21],"class_list":["post-11964","post","type-post","status-publish","format-standard","hentry","category-produtos","tag-casa-tema-br"],"_links":{"self":[{"href":"https:\/\/jr1.com.br\/shopping\/wp-json\/wp\/v2\/posts\/11964","targetHints":{"allow":["GET"]}}],"collection":[{"href":"https:\/\/jr1.com.br\/shopping\/wp-json\/wp\/v2\/posts"}],"about":[{"href":"https:\/\/jr1.com.br\/shopping\/wp-json\/wp\/v2\/types\/post"}],"author":[{"embeddable":true,"href":"https:\/\/jr1.com.br\/shopping\/wp-json\/wp\/v2\/users\/1"}],"replies":[{"embeddable":true,"href":"https:\/\/jr1.com.br\/shopping\/wp-json\/wp\/v2\/comments?post=11964"}],"version-history":[{"count":0,"href":"https:\/\/jr1.com.br\/shopping\/wp-json\/wp\/v2\/posts\/11964\/revisions"}],"wp:attachment":[{"href":"https:\/\/jr1.com.br\/shopping\/wp-json\/wp\/v2\/media?parent=11964"}],"wp:term":[{"taxonomy":"category","embeddable":true,"href":"https:\/\/jr1.com.br\/shopping\/wp-json\/wp\/v2\/categories?post=11964"},{"taxonomy":"post_tag","embeddable":true,"href":"https:\/\/jr1.com.br\/shopping\/wp-json\/wp\/v2\/tags?post=11964"}],"curies":[{"name":"wp","href":"https:\/\/api.w.org\/{rel}","templated":true}]}}