{"id":12902,"date":"2025-09-04T18:03:59","date_gmt":"2025-09-04T18:03:59","guid":{"rendered":"https:\/\/jr1.com.br\/shopping\/2025\/09\/04\/shampoo-k-pro-profissional-caviar-color-45-ml-39025452569\/"},"modified":"2025-09-04T18:03:59","modified_gmt":"2025-09-04T18:03:59","slug":"shampoo-k-pro-profissional-caviar-color-45-ml-39025452569","status":"publish","type":"post","link":"https:\/\/jr1.com.br\/shopping\/2025\/09\/04\/shampoo-k-pro-profissional-caviar-color-45-ml-39025452569\/","title":{"rendered":"Shampoo K.Pro Profissional Caviar Color 45 ml &#8211; 39025452569"},"content":{"rendered":"<h2>Cabelos<\/h2>\n<h3>O pre\u00e7o de Shampoo K.Pro Profissional Caviar Color 45 ml no dia acima especificado era de <strong>R$ 36.33<\/strong>.<\/h3>\n<p>Confira o pre\u00e7o atual aqui: <a href=\"https:\/\/www.amobeleza.com.br\/shampoo-k-pro-profissional-caviar-color-45-ml\/p?idsku=9362&#038;utm_source=awin&#038;utm_campaign=btg?utm_source=awin&#038;utm_medium=aff&#038;utm_campaign=690303&#038;utm_content=u1&#038;utm_term=&#038;sv1=affiliate&#038;sv_campaign_id=690303&#038;awc=64882_1747143695_604e9a136a087f3da65a6e07584fd7f3\" target=\"_blank\" rel=\"noopener sponsored\"><img decoding=\"async\" src=\"https:\/\/ui.awin.com\/images\/upload\/merchant\/profile\/100869.png\" alt=\"Shampoo K.Pro Profissional Caviar Color 45 ml\" \/> &#8211; nas lojas  AMOBELEZA BR<\/a><\/p>\n<p><img decoding=\"async\" src=\"https:\/\/amobeleza.vteximg.com.br\/arquivos\/ids\/229555_2\" alt=\"Shampoo K.Pro Profissional Caviar Color 45 ml\" \/><br \/>\nShampoo K.Pro Profissional Caviar desenvolvido com as mais inovadoras tecnologias para prote\u00e7\u00e3o intensa a colora\u00e7\u00e3o, reconstru\u00e7\u00e3o e brilho intenso. formulado com extrato de caviar, rico em vitaminas antioxidantes, amino\u00e1cidos e lip\u00eddios essenciais \u00e0 hidrata\u00e7\u00e3o e sedosidade dos fios. Possui em sua formula\u00e7\u00e3o semente de girassol, um poderoso antioxidante. Proporcionando durabilidade, brilho e a intensidade da cor.<\/p>\n<h4>Aproveite e pesquise o pre\u00e7o deste produto em dezenas de lojas dos marketplaces abaixo:<\/h4>\n<p><a href=\"https:\/\/www.magazinevoce.com.br\/magazineezu\/busca\/Shampoo K.Pro Profissional Caviar Color 45 ml\/\" target=\"_blank\" rel=\"noopener\"><img decoding=\"async\" src=\"https:\/\/mvc.mlcdn.com.br\/ad\/2503_superofertas.png\" alt=\"Pesquise no Magazine eZu\" \/> &#8211; da Parceria MAGALU<\/a>.<\/p>\n<p>Ainda n\u00e3o encontrou a melhor op\u00e7\u00e3o de compra? Oferecemos mais uma possibilidade de <strong>busca<\/strong> mais ampla para <a href=\"https:\/\/ecompare.com.br\/lojas\/resultados-da-pesquisa\/?q=Shampoo K.Pro Profissional Caviar Color 45 ml#gsc.tab=0&amp;gsc.q=Shampoo K.Pro Profissional Caviar Color 45 ml&amp;gsc.page=1\" target=\"_blank\" rel=\"noopener\">Shampoo K.Pro Profissional Caviar Color 45 ml, clique e continue <strong>pesquisando&#8230;<\/strong><\/a><\/p>\n<hr \/>\n","protected":false},"excerpt":{"rendered":"<p>R$ 36.33 nas lojas <a href=\"https:\/\/www.awin1.com\/pclick.php?p=39025452569&#038;a=690303&#038;m=100869\" target=\"_blank\" rel=\"sponsored\">AMOBELEZA BR<\/a><\/p>\n","protected":false},"author":1,"featured_media":0,"comment_status":"closed","ping_status":"closed","sticky":false,"template":"","format":"standard","meta":{"footnotes":""},"categories":[2],"tags":[22],"class_list":["post-12902","post","type-post","status-publish","format-standard","hentry","category-produtos","tag-amobeleza-br"],"_links":{"self":[{"href":"https:\/\/jr1.com.br\/shopping\/wp-json\/wp\/v2\/posts\/12902","targetHints":{"allow":["GET"]}}],"collection":[{"href":"https:\/\/jr1.com.br\/shopping\/wp-json\/wp\/v2\/posts"}],"about":[{"href":"https:\/\/jr1.com.br\/shopping\/wp-json\/wp\/v2\/types\/post"}],"author":[{"embeddable":true,"href":"https:\/\/jr1.com.br\/shopping\/wp-json\/wp\/v2\/users\/1"}],"replies":[{"embeddable":true,"href":"https:\/\/jr1.com.br\/shopping\/wp-json\/wp\/v2\/comments?post=12902"}],"version-history":[{"count":0,"href":"https:\/\/jr1.com.br\/shopping\/wp-json\/wp\/v2\/posts\/12902\/revisions"}],"wp:attachment":[{"href":"https:\/\/jr1.com.br\/shopping\/wp-json\/wp\/v2\/media?parent=12902"}],"wp:term":[{"taxonomy":"category","embeddable":true,"href":"https:\/\/jr1.com.br\/shopping\/wp-json\/wp\/v2\/categories?post=12902"},{"taxonomy":"post_tag","embeddable":true,"href":"https:\/\/jr1.com.br\/shopping\/wp-json\/wp\/v2\/tags?post=12902"}],"curies":[{"name":"wp","href":"https:\/\/api.w.org\/{rel}","templated":true}]}}