{"id":14902,"date":"2025-08-31T20:46:37","date_gmt":"2025-08-31T20:46:37","guid":{"rendered":"https:\/\/jr1.com.br\/shopping\/2025\/08\/31\/shampoo-loreal-professionnel-vitamino-color-refil-240-ml-39025454836\/"},"modified":"2025-08-31T20:46:37","modified_gmt":"2025-08-31T20:46:37","slug":"shampoo-loreal-professionnel-vitamino-color-refil-240-ml-39025454836","status":"publish","type":"post","link":"https:\/\/jr1.com.br\/shopping\/2025\/08\/31\/shampoo-loreal-professionnel-vitamino-color-refil-240-ml-39025454836\/","title":{"rendered":"Shampoo L&#8217;or\u00e9al Professionnel Vitamino Color Refil 240 ml &#8211; 39025454836"},"content":{"rendered":"<h2>Cabelos<\/h2>\n<h3>O pre\u00e7o de Shampoo L&#8217;or\u00e9al Professionnel Vitamino Color Refil 240 ml no dia acima especificado era de <strong>R$ 74.90<\/strong>.<\/h3>\n<p>Confira o pre\u00e7o atual aqui: <a href=\"https:\/\/www.amobeleza.com.br\/shampoo-loreal-professionnel-vitamino-color-refil-240-ml\/p?idsku=17520&#038;utm_source=awin&#038;utm_campaign=btg?utm_source=awin&#038;utm_medium=aff&#038;utm_campaign=690303&#038;utm_content=u1&#038;utm_term=&#038;sv1=affiliate&#038;sv_campaign_id=690303&#038;awc=64882_1747143695_604e9a136a087f3da65a6e07584fd7f3\" target=\"_blank\" rel=\"noopener sponsored\"><img decoding=\"async\" src=\"https:\/\/ui.awin.com\/images\/upload\/merchant\/profile\/100869.png\" alt=\"Shampoo L'or\u00e9al Professionnel Vitamino Color Refil 240 ml\" \/> &#8211; nas lojas  AMOBELEZA BR<\/a><\/p>\n<p><img decoding=\"async\" src=\"https:\/\/amobeleza.vteximg.com.br\/arquivos\/ids\/275880_2\" alt=\"Shampoo L'or\u00e9al Professionnel Vitamino Color Refil 240 ml\" \/><br \/>\nO Refil do Shampoo L&#8217;Or\u00e9al Professionnel Serie Expert Vitamino Color com 240 ml, oferece uma limpeza suave que n\u00e3o agride os fios, promove a prote\u00e7\u00e3o at\u00e9 das cores mais sens\u00edveis, brilho intenso da cor, com a\u00e7\u00e3o antioxidante que evita o desbotamento, hidrata\u00e7\u00e3o e luminosidade para os fios. Shampoo para cabelos coloridos. Seu principal ingrediente cont\u00e9m Resveratrol, \u00e9 um poderoso antioxidante presente na casca e nas sementes das uvas, que tem a fun\u00e7\u00e3o de preservar a cor dos cabelos. O Refil com menos 75% pl\u00e1stico proporciona al\u00e9m de um melhor custo-benef\u00edcio, um compromisso ambiental com f\u00f3rmula vegana, sem ingredientes ou subprodutos de origem animal. Seu pl\u00e1stico \u00e9 100% reciclado. 1 Refil= 24 lavagens. Benef\u00edcios: Limpa; Protege a cor; Hidrata; Brilho Intenso; N\u00e3o desbota; -75% pl\u00e1stico; 1 Refil= 24 lavagens. Como reabastecer meu Shampoo? Pegue seu frasco vazio de Shampoo. N\u00e3o lave. Corte a embalagem do refil no pontilhado e retire a tampa do frasco. Segure o Refil e despeje o conte\u00fado lentamente dentro do frasco. Recoloque a tampa no frasco, deixando-a bem fechada. Use seu Shampoo normalmente. Modo de usar: Aplique o Shampoo nos cabelos molhados, uma quantidade similar ao tamanho de uma moeda de 1 real. Massageie suavemente at\u00e9 formar espumas e enx\u00e1gue. Repita se necess\u00e1rio.<\/p>\n<h4>Aproveite e pesquise o pre\u00e7o deste produto em dezenas de lojas dos marketplaces abaixo:<\/h4>\n<p><a href=\"https:\/\/www.magazinevoce.com.br\/magazineezu\/busca\/Shampoo L'or\u00e9al Professionnel Vitamino Color Refil 240 ml\/\" target=\"_blank\" rel=\"noopener\"><img decoding=\"async\" src=\"https:\/\/mvc.mlcdn.com.br\/ad\/2503_superofertas.png\" alt=\"Pesquise no Magazine eZu\" \/> &#8211; da Parceria MAGALU<\/a>.<\/p>\n<p>Ainda n\u00e3o encontrou a melhor op\u00e7\u00e3o de compra? Oferecemos mais uma possibilidade de <strong>busca<\/strong> mais ampla para <a href=\"https:\/\/ecompare.com.br\/lojas\/resultados-da-pesquisa\/?q=Shampoo L'or\u00e9al Professionnel Vitamino Color Refil 240 ml#gsc.tab=0&amp;gsc.q=Shampoo L'or\u00e9al Professionnel Vitamino Color Refil 240 ml&amp;gsc.page=1\" target=\"_blank\" rel=\"noopener\">Shampoo L&#8217;or\u00e9al Professionnel Vitamino Color Refil 240 ml, clique e continue <strong>pesquisando&#8230;<\/strong><\/a><\/p>\n<hr \/>\n","protected":false},"excerpt":{"rendered":"<p>R$ 74.90 nas lojas <a href=\"https:\/\/www.awin1.com\/pclick.php?p=39025454836&#038;a=690303&#038;m=100869\" target=\"_blank\" rel=\"sponsored\">AMOBELEZA BR<\/a><\/p>\n","protected":false},"author":1,"featured_media":0,"comment_status":"closed","ping_status":"closed","sticky":false,"template":"","format":"standard","meta":{"footnotes":""},"categories":[2],"tags":[22],"class_list":["post-14902","post","type-post","status-publish","format-standard","hentry","category-produtos","tag-amobeleza-br"],"_links":{"self":[{"href":"https:\/\/jr1.com.br\/shopping\/wp-json\/wp\/v2\/posts\/14902","targetHints":{"allow":["GET"]}}],"collection":[{"href":"https:\/\/jr1.com.br\/shopping\/wp-json\/wp\/v2\/posts"}],"about":[{"href":"https:\/\/jr1.com.br\/shopping\/wp-json\/wp\/v2\/types\/post"}],"author":[{"embeddable":true,"href":"https:\/\/jr1.com.br\/shopping\/wp-json\/wp\/v2\/users\/1"}],"replies":[{"embeddable":true,"href":"https:\/\/jr1.com.br\/shopping\/wp-json\/wp\/v2\/comments?post=14902"}],"version-history":[{"count":0,"href":"https:\/\/jr1.com.br\/shopping\/wp-json\/wp\/v2\/posts\/14902\/revisions"}],"wp:attachment":[{"href":"https:\/\/jr1.com.br\/shopping\/wp-json\/wp\/v2\/media?parent=14902"}],"wp:term":[{"taxonomy":"category","embeddable":true,"href":"https:\/\/jr1.com.br\/shopping\/wp-json\/wp\/v2\/categories?post=14902"},{"taxonomy":"post_tag","embeddable":true,"href":"https:\/\/jr1.com.br\/shopping\/wp-json\/wp\/v2\/tags?post=14902"}],"curies":[{"name":"wp","href":"https:\/\/api.w.org\/{rel}","templated":true}]}}