{"id":17465,"date":"2025-08-05T14:39:08","date_gmt":"2025-08-05T14:39:08","guid":{"rendered":"https:\/\/jr1.com.br\/shopping\/2025\/08\/05\/guarda-roupa-infantil-04-portas-frente-em-mdf-angel-branco-38605496797\/"},"modified":"2025-08-05T14:39:08","modified_gmt":"2025-08-05T14:39:08","slug":"guarda-roupa-infantil-04-portas-frente-em-mdf-angel-branco-38605496797","status":"publish","type":"post","link":"https:\/\/jr1.com.br\/shopping\/2025\/08\/05\/guarda-roupa-infantil-04-portas-frente-em-mdf-angel-branco-38605496797\/","title":{"rendered":"Guarda-roupa Infantil 04 Portas Frente em Mdf Angel Branco &#8211; 38605496797"},"content":{"rendered":"<h2><\/h2>\n<h3>O pre\u00e7o de Guarda-roupa Infantil 04 Portas Frente em Mdf Angel Branco no dia acima especificado era de <strong>R$ 992.81<\/strong>.<\/h3>\n<p>Confira o pre\u00e7o atual aqui: <a href=\"https:\/\/www.casatema.com.br\/guarda-roupa-infantil-04-portas-frente-em-mdf-angel-branco\/p?idsku=910882?utm_source=awin&#038;utm_medium=aff&#038;utm_campaign=690303&#038;utm_content=u1&#038;utm_term=&#038;sv1=affiliate&#038;sv_campaign_id=690303&#038;awc=64882_1747143695_604e9a136a087f3da65a6e07584fd7f3\" target=\"_blank\" rel=\"noopener sponsored\"><img decoding=\"async\" src=\"https:\/\/ui.awin.com\/images\/upload\/merchant\/profile\/100453.png\" alt=\"Guarda-roupa Infantil 04 Portas Frente em Mdf Angel Branco\" \/> &#8211; nas lojas  Casa Tema BR<\/a><\/p>\n<p><img decoding=\"async\" src=\"https:\/\/casatema.vteximg.com.br\/arquivos\/ids\/899582_2\" alt=\"Guarda-roupa Infantil 04 Portas Frente em Mdf Angel Branco\" \/><br \/>\nGuarda-roupa Infantil 04 Portas Frente em Mdf Angel BrancoGuarda-roupa Infantil 04 Portas Frente em Mdf Angel Branco. Uma mam\u00e3e moderna precisar\u00e1 de um m\u00f3vel diferenciado, com isso o Guarda Roupas 04 portas Angel traz a combina\u00e7\u00e3o perfeita, com \u00f3tima disposi\u00e7\u00e3o interna, modernidade e durabilidade. Seu espa\u00e7o interno conta com 03 espa\u00e7osas gavetas, com corredi\u00e7as telescopicas, 03 cabideiros e ainda 02 compartimentos de maleiro.Ele \u00e9 confeccionado em MDF de 15mm ( portas e moldura superior) e corpo com chapa de 15mm MDP, conferindo maior resist\u00eancia e qualidade. Aten\u00e7\u00e3o: A colora\u00e7\u00e3o das imagens do produto pode ter diferentes tonalidades dependendo do seu monitor. Ao receber o produto verifique as seguintes informa\u00e7\u00f5es: Confira a quantidade de caixas e volumes; Consulte se o nome do comprador consta em todas as etiquetas; Verifique se as caixas n\u00e3o apresentam sinais de avarias ou viola\u00e7\u00e3o;Caracter\u00edsticas:Possui Calceiros: N\u00e3oEstilo: ModernoGarantia: 03 mesesLinha ou Cole\u00e7\u00e3o: angelOrigem do Produto: NacionalRecomenda\u00e7\u00f5es de Uso, Manuten\u00e7\u00e3o e Limpeza: Pano levemente umedecido e pano seco. N\u00e3o utilizar produtos abrasivosQuantidade de Gavetas: 03 GavetasTipo de Dobradi\u00e7a\/Corredi\u00e7a da Porta: Alum\u00ednioCor: BrancoAltura: 218 cmProfundidade: 48 cmLargura: 138 cmTipo de Puxador da Porta: ExternoTipo de Porta: BaterComplexidade da Montagem: Alta: deve ser montado por um montador especializadoPossui Espelho: N\u00e3oGaveta com Chave: N\u00e3oPossui Ganchos: N\u00e3oMaterial da Gaveta: MDF\/MDPItens Inclusos: 01 guarda roupa( 03 vol)Tipo de Corredi\u00e7a da Gaveta: Met\u00e1lica Telesc\u00f3picaPeso M\u00e1ximo por Gaveta: 8 kgNecessita Montagem: SimTipo de Guarda-Roupa: InfantilSistema de Montagem: parafuso \/ cavilhasMaterial Principal: MDF\/MDPmodular: N\u00e3oPeso: 110 kgTipo de Gaveta: InternaQuantidade de Portas: 4 PortasCor Predominante: BrancoCor do Produto: BrancoCor Flex: N\u00e3oEscala de Brilho: BrilhantePossui P\u00e9s: N\u00e3oCor Interna: BrancoProduto Montado: SimMaterial da Prateleira: MDPPeso M\u00e1ximo por Prateleira: 12 kgQuantidade de Prateleiras: 03 PrateleirasMaterial da Porta: MDFMaterial do Puxador da Porta: Madeira Maci\u00e7aEscala de Brilho da Porta: BrilhanteAcabamento da Porta: Pintura UVPossui Organizador de Gaveta: N\u00e3oEscala de Brilho da Gaveta: BrilhanteAcabamento da Gaveta: Pintura UVPossui Cabideiros: 03Escala de Brilho da Prateleira: BrilhanteAcabamento da Prateleira: Pintura UV<\/p>\n<h4>Aproveite e pesquise o pre\u00e7o deste produto em dezenas de lojas dos marketplaces abaixo:<\/h4>\n<p><a href=\"https:\/\/www.magazinevoce.com.br\/magazineezu\/busca\/Guarda-roupa Infantil 04 Portas Frente em Mdf Angel Branco\/\" target=\"_blank\" rel=\"noopener\"><img decoding=\"async\" src=\"https:\/\/mvc.mlcdn.com.br\/ad\/2503_superofertas.png\" alt=\"Pesquise no Magazine eZu\" \/> &#8211; da Parceria MAGALU<\/a>.<\/p>\n<p>Ainda n\u00e3o encontrou a melhor op\u00e7\u00e3o de compra? Oferecemos mais uma possibilidade de <strong>busca<\/strong> mais ampla para <a href=\"https:\/\/ecompare.com.br\/lojas\/resultados-da-pesquisa\/?q=Guarda-roupa Infantil 04 Portas Frente em Mdf Angel Branco#gsc.tab=0&amp;gsc.q=Guarda-roupa Infantil 04 Portas Frente em Mdf Angel Branco&amp;gsc.page=1\" target=\"_blank\" rel=\"noopener\">Guarda-roupa Infantil 04 Portas Frente em Mdf Angel Branco, clique e continue <strong>pesquisando&#8230;<\/strong><\/a><\/p>\n<hr \/>\n","protected":false},"excerpt":{"rendered":"<p>R$ 992.81 nas lojas <a href=\"https:\/\/www.awin1.com\/pclick.php?p=38605496797&#038;a=690303&#038;m=100453\" target=\"_blank\" rel=\"sponsored\">Casa Tema BR<\/a><\/p>\n","protected":false},"author":1,"featured_media":0,"comment_status":"closed","ping_status":"closed","sticky":false,"template":"","format":"standard","meta":{"footnotes":""},"categories":[2],"tags":[21],"class_list":["post-17465","post","type-post","status-publish","format-standard","hentry","category-produtos","tag-casa-tema-br"],"_links":{"self":[{"href":"https:\/\/jr1.com.br\/shopping\/wp-json\/wp\/v2\/posts\/17465","targetHints":{"allow":["GET"]}}],"collection":[{"href":"https:\/\/jr1.com.br\/shopping\/wp-json\/wp\/v2\/posts"}],"about":[{"href":"https:\/\/jr1.com.br\/shopping\/wp-json\/wp\/v2\/types\/post"}],"author":[{"embeddable":true,"href":"https:\/\/jr1.com.br\/shopping\/wp-json\/wp\/v2\/users\/1"}],"replies":[{"embeddable":true,"href":"https:\/\/jr1.com.br\/shopping\/wp-json\/wp\/v2\/comments?post=17465"}],"version-history":[{"count":0,"href":"https:\/\/jr1.com.br\/shopping\/wp-json\/wp\/v2\/posts\/17465\/revisions"}],"wp:attachment":[{"href":"https:\/\/jr1.com.br\/shopping\/wp-json\/wp\/v2\/media?parent=17465"}],"wp:term":[{"taxonomy":"category","embeddable":true,"href":"https:\/\/jr1.com.br\/shopping\/wp-json\/wp\/v2\/categories?post=17465"},{"taxonomy":"post_tag","embeddable":true,"href":"https:\/\/jr1.com.br\/shopping\/wp-json\/wp\/v2\/tags?post=17465"}],"curies":[{"name":"wp","href":"https:\/\/api.w.org\/{rel}","templated":true}]}}