{"id":216916,"date":"2026-07-08T21:56:21","date_gmt":"2026-07-08T21:56:21","guid":{"rendered":"https:\/\/jr1.com.br\/shopping\/2026\/07\/short-masculino-de-praia-com-cos-ajustavel-azul\/"},"modified":"2026-07-08T21:56:21","modified_gmt":"2026-07-08T21:56:21","slug":"short-masculino-de-praia-com-cos-ajustavel-azul","status":"publish","type":"post","link":"https:\/\/jr1.com.br\/shopping\/2026\/07\/short-masculino-de-praia-com-cos-ajustavel-azul\/","title":{"rendered":"Short Masculino De Praia Com C\u00f3s Ajust\u00e1vel &#8211; Azul"},"content":{"rendered":"<h2>Shortsmasculino\/roupas\/category\/bermudas-e-shorts\/shortsBermudas &#038; Shortsmasculino\/roupas\/category\/bermudas-e-shortsCategorymasculino\/roupas\/categoryRoupasmasculino\/roupasMasculinomasculino<\/h2>\n<h3>O pre\u00e7o de Short Masculino De Praia Com C\u00f3s Ajust\u00e1vel &#8211; Azul no dia acima especificado era de <strong>R$ 279.90<\/strong>.<\/h3>\n<p>Confira o pre\u00e7o atual aqui: <a href=\"https:\/\/www.awin1.com\/pclick.php?p=43124708249&#038;a=690303&#038;m=117987\" rel=\"noopener sponsored\"><img decoding=\"async\" src=\"https:\/\/ui.awin.com\/images\/upload\/merchant\/profile\/117987.png\" alt=\"Short Masculino De Praia Com C\u00f3s Ajust\u00e1vel - Azul\" \/> &#8211; nas lojas Shop2gether BR<\/a><\/p>\n<p><img decoding=\"async\" src=\"https:\/\/shop2gether.fbitsstatic.net\/img\/p\/short-masculino-de-praia-com-cos-ajustavel-azul-267448\/793622.jpg?w=500\" alt=\"Short Masculino De Praia Com C\u00f3s Ajust\u00e1vel - Azul\" \/><br \/>\nShort Masculino De Praia Com C\u00f3s Ajust\u00e1vel &#8211; Azul Short Masculino De Praia Com C\u00f3s Ajust\u00e1vel, Calvin Klein JeansO\u00a0short azul\u00a0\u00e9 confeccionado em malha de algod\u00e3o sem elasticidade.\u00a0A pe\u00e7a solta ao corpo possui cintura m\u00e9dia, c\u00f3s el\u00e1stico com cord\u00e3o embutido para ajuste frontal, bolsos frontais modelo faca, bolso posterior embutido, tag da marca aplicada na parte frontal e comprimento curto.Especifica\u00e7\u00f5es &#038; Cuidados:Lavar \u00e0 m\u00e1quina.Composi\u00e7\u00e3o: 100% Algod\u00e3oCor: AzulMarca: Calvin Klein Jeans<\/p>\n<h4>Aproveite e pesquise o pre\u00e7o deste produto em dezenas de lojas dos marketplaces abaixo:<\/h4>\n<p><a href=\"https:\/\/www.magazinevoce.com.br\/magazineezu\/busca\/Short Masculino De Praia Com C\u00f3s Ajust\u00e1vel - Azul\/\" target=\"_blank\" rel=\"noopener\"><img decoding=\"async\" src=\"https:\/\/mvc.mlcdn.com.br\/ad\/2503_superofertas.png\" alt=\"Pesquise no Magazine eZu\" \/> &#8211; da Parceria MAGALU<\/a>.<\/p>\n<p>Ainda n\u00e3o encontrou a melhor op\u00e7\u00e3o de compra? Oferecemos mais uma possibilidade de <strong>busca<\/strong> mais ampla para <a href=\"https:\/\/ecompare.com.br\/lojas\/resultados-da-pesquisa\/?q=Short Masculino De Praia Com C\u00f3s Ajust\u00e1vel - Azul#gsc.tab=0&amp;gsc.q=Short Masculino De Praia Com C\u00f3s Ajust\u00e1vel - Azul&amp;gsc.page=1\" target=\"_blank\" rel=\"noopener\">Short Masculino De Praia Com C\u00f3s Ajust\u00e1vel &#8211; Azul, clique e continue <strong>pesquisando&#8230;<\/strong><\/a><\/p>\n<hr \/>\n<p>COD25523443611670075225433416610770<\/p>\n","protected":false},"excerpt":{"rendered":"<p>R$ 279.90 nas lojas <a href=\"https:\/\/www.awin1.com\/pclick.php?p=43124708249&#038;a=690303&#038;m=117987\" target=\"_blank\" rel=\"sponsored\">Shop2gether BR<\/a><\/p>\n","protected":false},"author":1,"featured_media":0,"comment_status":"closed","ping_status":"closed","sticky":false,"template":"","format":"standard","meta":{"footnotes":""},"categories":[2],"tags":[2043,12377,12550],"class_list":["post-216916","post","type-post","status-publish","format-standard","hentry","category-produtos","tag-279-90","tag-shop2gether-br","tag-shortsmasculino-roupas-category-bermudas-e-shorts-shortsbermudas-shortsmasculino-roupas-category-bermudas-e-shortscategorymasculino-roupas-categoryroupasmasculino-roupasmasculinomasculino"],"_links":{"self":[{"href":"https:\/\/jr1.com.br\/shopping\/wp-json\/wp\/v2\/posts\/216916","targetHints":{"allow":["GET"]}}],"collection":[{"href":"https:\/\/jr1.com.br\/shopping\/wp-json\/wp\/v2\/posts"}],"about":[{"href":"https:\/\/jr1.com.br\/shopping\/wp-json\/wp\/v2\/types\/post"}],"author":[{"embeddable":true,"href":"https:\/\/jr1.com.br\/shopping\/wp-json\/wp\/v2\/users\/1"}],"replies":[{"embeddable":true,"href":"https:\/\/jr1.com.br\/shopping\/wp-json\/wp\/v2\/comments?post=216916"}],"version-history":[{"count":0,"href":"https:\/\/jr1.com.br\/shopping\/wp-json\/wp\/v2\/posts\/216916\/revisions"}],"wp:attachment":[{"href":"https:\/\/jr1.com.br\/shopping\/wp-json\/wp\/v2\/media?parent=216916"}],"wp:term":[{"taxonomy":"category","embeddable":true,"href":"https:\/\/jr1.com.br\/shopping\/wp-json\/wp\/v2\/categories?post=216916"},{"taxonomy":"post_tag","embeddable":true,"href":"https:\/\/jr1.com.br\/shopping\/wp-json\/wp\/v2\/tags?post=216916"}],"curies":[{"name":"wp","href":"https:\/\/api.w.org\/{rel}","templated":true}]}}