{"id":218110,"date":"2026-07-27T10:36:29","date_gmt":"2026-07-27T10:36:29","guid":{"rendered":"https:\/\/jr1.com.br\/shopping\/2026\/07\/vestido-curto-floral-raiana-rosa\/"},"modified":"2026-08-02T16:16:41","modified_gmt":"2026-08-02T16:16:41","slug":"vestido-curto-floral-raiana-rosa","status":"publish","type":"post","link":"https:\/\/jr1.com.br\/shopping\/2026\/07\/vestido-curto-floral-raiana-rosa\/","title":{"rendered":"Vestido Curto Floral Raiana &#8211; Rosa"},"content":{"rendered":"<h2>Minifeminino\/roupas\/category\/vestidos\/miniVestidosfeminino\/roupas\/category\/vestidosCategoryfeminino\/roupas\/categoryRoupasfeminino\/roupasFemininofeminino<\/h2>\n<h3>O pre\u00e7o de Vestido Curto Floral Raiana &#8211; Rosa no dia acima especificado era de <strong>R$ 249.90<\/strong>.<\/h3>\n<p>Confira o pre\u00e7o atual aqui: <a href=\"https:\/\/www.awin1.com\/pclick.php?p=43283256930&#038;a=690303&#038;m=117987\" rel=\"noopener sponsored\"><img decoding=\"async\" src=\"https:\/\/ui.awin.com\/images\/upload\/merchant\/profile\/117987.png\" alt=\"Vestido Curto Floral Raiana - Rosa\" \/> &#8211; nas lojas Shop2gether BR<\/a><\/p>\n<p><img decoding=\"async\" src=\"https:\/\/shop2gether.fbitsstatic.net\/img\/p\/vestido-curto-floral-raiana-rosa-268479\/797562.jpg?w=500\" alt=\"Vestido Curto Floral Raiana - Rosa\" \/><br \/>\nVestido Curto Floral Raiana &#8211; Rosa Vestido Curto Floral Raiana, Farm.O vestido rosa\u00a0\u00e9 confeccionado em tecido leve sem elasticidade.\u00a0A pe\u00e7a solta ao corpo possui decote V produnto, al\u00e7as alongadas m\u00e9dias para amarra\u00e7\u00e3o posterior, decote posterior profundo em U, recorte na altura da cintura com el\u00e1stico embutido, recortes sobrepostos com efeito de babados, aplica\u00e7\u00e3o de detalhes em fios de lurex, estampa figurativa floral em cores contrastantes e comprimento curto.Especifica\u00e7\u00f5es &#038; Cuidados:Lavar \u00e0 m\u00e1quina.Composi\u00e7\u00e3o: 98% Viscose e 2% Poli\u00e9sterCor:\u00a0 RosaMarca: Farm<\/p>\n<h4>Aproveite e pesquise o pre\u00e7o deste produto em dezenas de lojas dos marketplaces abaixo:<\/h4>\n<p><a href=\"https:\/\/www.magazinevoce.com.br\/magazineezu\/busca\/Vestido Curto Floral Raiana - Rosa\/\" target=\"_blank\" rel=\"noopener\"><img decoding=\"async\" src=\"https:\/\/mvc.mlcdn.com.br\/ad\/2503_superofertas.png\" alt=\"Pesquise no Magazine eZu\" \/> &#8211; da Parceria MAGALU<\/a>.<\/p>\n<p>Ainda n\u00e3o encontrou a melhor op\u00e7\u00e3o de compra? Oferecemos mais uma possibilidade de <strong>busca<\/strong> mais ampla para <a href=\"https:\/\/ecompare.com.br\/lojas\/resultados-da-pesquisa\/?q=Vestido Curto Floral Raiana - Rosa#gsc.tab=0&amp;gsc.q=Vestido Curto Floral Raiana - Rosa&amp;gsc.page=1\" target=\"_blank\" rel=\"noopener\">Vestido Curto Floral Raiana &#8211; Rosa, clique e continue <strong>pesquisando&#8230;<\/strong><\/a><\/p>\n<hr \/>\n<p>COD25523443611670075225433416610770<\/p>\n","protected":false},"excerpt":{"rendered":"<p>R$ 249.90 nas lojas <a href=\"https:\/\/www.awin1.com\/pclick.php?p=43283256930&#038;a=690303&#038;m=117987\" target=\"_blank\" rel=\"sponsored\">Shop2gether BR<\/a><\/p>\n","protected":false},"author":1,"featured_media":0,"comment_status":"closed","ping_status":"closed","sticky":false,"template":"","format":"standard","meta":{"footnotes":""},"categories":[2],"tags":[2372,12418,12377],"class_list":["post-218110","post","type-post","status-publish","format-standard","hentry","category-produtos","tag-249-90","tag-minifeminino-roupas-category-vestidos-minivestidosfeminino-roupas-category-vestidoscategoryfeminino-roupas-categoryroupasfeminino-roupasfemininofeminino","tag-shop2gether-br"],"_links":{"self":[{"href":"https:\/\/jr1.com.br\/shopping\/wp-json\/wp\/v2\/posts\/218110","targetHints":{"allow":["GET"]}}],"collection":[{"href":"https:\/\/jr1.com.br\/shopping\/wp-json\/wp\/v2\/posts"}],"about":[{"href":"https:\/\/jr1.com.br\/shopping\/wp-json\/wp\/v2\/types\/post"}],"author":[{"embeddable":true,"href":"https:\/\/jr1.com.br\/shopping\/wp-json\/wp\/v2\/users\/1"}],"replies":[{"embeddable":true,"href":"https:\/\/jr1.com.br\/shopping\/wp-json\/wp\/v2\/comments?post=218110"}],"version-history":[{"count":0,"href":"https:\/\/jr1.com.br\/shopping\/wp-json\/wp\/v2\/posts\/218110\/revisions"}],"wp:attachment":[{"href":"https:\/\/jr1.com.br\/shopping\/wp-json\/wp\/v2\/media?parent=218110"}],"wp:term":[{"taxonomy":"category","embeddable":true,"href":"https:\/\/jr1.com.br\/shopping\/wp-json\/wp\/v2\/categories?post=218110"},{"taxonomy":"post_tag","embeddable":true,"href":"https:\/\/jr1.com.br\/shopping\/wp-json\/wp\/v2\/tags?post=218110"}],"curies":[{"name":"wp","href":"https:\/\/api.w.org\/{rel}","templated":true}]}}