{"id":219347,"date":"2026-07-10T21:12:48","date_gmt":"2026-07-10T21:12:48","guid":{"rendered":"https:\/\/jr1.com.br\/shopping\/2026\/07\/calca-feminina-kari-preto\/"},"modified":"2026-08-02T16:20:53","modified_gmt":"2026-08-02T16:20:53","slug":"calca-feminina-kari-preto","status":"publish","type":"post","link":"https:\/\/jr1.com.br\/shopping\/2026\/07\/calca-feminina-kari-preto\/","title":{"rendered":"Cal\u00e7a Feminina Kari &#8211; Preto"},"content":{"rendered":"<h2>Alfaiatariafeminino\/roupas\/category\/calcas\/alfaiatariaRetafeminino\/roupas\/category\/calcas\/retaCal\u00e7asfeminino\/roupas\/category\/calcasCategoryfeminino\/roupas\/categoryRoupasfeminino\/roupasFemininofeminino<\/h2>\n<h3>O pre\u00e7o de Cal\u00e7a Feminina Kari &#8211; Preto no dia acima especificado era de <strong>R$ 799.90<\/strong>.<\/h3>\n<p>Confira o pre\u00e7o atual aqui: <a href=\"https:\/\/www.awin1.com\/pclick.php?p=43422509442&#038;a=690303&#038;m=117987\" rel=\"noopener sponsored\"><img decoding=\"async\" src=\"https:\/\/ui.awin.com\/images\/upload\/merchant\/profile\/117987.png\" alt=\"Cal\u00e7a Feminina Kari - Preto\" \/> &#8211; nas lojas Shop2gether BR<\/a><\/p>\n<p><img decoding=\"async\" src=\"https:\/\/shop2gether.fbitsstatic.net\/img\/p\/calca-feminina-kari-preto-269531\/801544-5.jpg?w=500\" alt=\"Cal\u00e7a Feminina Kari - Preto\" \/><br \/>\nCal\u00e7a Feminina Kari &#8211; Preto Cal\u00e7a Feminina Kari, Carol Bassi + Maria Rudge.A\u00a0cal\u00e7a preta\u00a0\u00e9 confeccionada em tecido levemente encorpado com baixa elasticidade. A pe\u00e7a solta ao corpo possui cintura alta, c\u00f3s com passantes embutidos, bolsos frontais modelo faca, bolsos posteriores embutidos, pences na parte posterior, comprimento longo e fechamento frontal por colchete e z\u00edper.Especifica\u00e7\u00f5es &#038; Cuidados:Lavar \u00e0 m\u00e3o.Composi\u00e7\u00e3o: 77% Poli\u00e9ster, 19% Viscose e 4% ElastanoCor: PretoMarca: Carol Bassi + Maria Rudge<\/p>\n<h4>Aproveite e pesquise o pre\u00e7o deste produto em dezenas de lojas dos marketplaces abaixo:<\/h4>\n<p><a href=\"https:\/\/www.magazinevoce.com.br\/magazineezu\/busca\/Cal\u00e7a Feminina Kari - Preto\/\" target=\"_blank\" rel=\"noopener\"><img decoding=\"async\" src=\"https:\/\/mvc.mlcdn.com.br\/ad\/2503_superofertas.png\" alt=\"Pesquise no Magazine eZu\" \/> &#8211; da Parceria MAGALU<\/a>.<\/p>\n<p>Ainda n\u00e3o encontrou a melhor op\u00e7\u00e3o de compra? Oferecemos mais uma possibilidade de <strong>busca<\/strong> mais ampla para <a href=\"https:\/\/ecompare.com.br\/lojas\/resultados-da-pesquisa\/?q=Cal\u00e7a Feminina Kari - Preto#gsc.tab=0&amp;gsc.q=Cal\u00e7a Feminina Kari - Preto&amp;gsc.page=1\" target=\"_blank\" rel=\"noopener\">Cal\u00e7a Feminina Kari &#8211; Preto, clique e continue <strong>pesquisando&#8230;<\/strong><\/a><\/p>\n<hr \/>\n<p>COD25523443611670075225433416610770<\/p>\n","protected":false},"excerpt":{"rendered":"<p>R$ 799.90 nas lojas <a href=\"https:\/\/www.awin1.com\/pclick.php?p=43422509442&#038;a=690303&#038;m=117987\" target=\"_blank\" rel=\"sponsored\">Shop2gether BR<\/a><\/p>\n","protected":false},"author":1,"featured_media":0,"comment_status":"closed","ping_status":"closed","sticky":false,"template":"","format":"standard","meta":{"footnotes":""},"categories":[2],"tags":[3652,13697,12377],"class_list":["post-219347","post","type-post","status-publish","format-standard","hentry","category-produtos","tag-799-90","tag-alfaiatariafeminino-roupas-category-calcas-alfaiatariaretafeminino-roupas-category-calcas-retacalcasfeminino-roupas-category-calcascategoryfeminino-roupas-categoryroupasfeminino-roupasfemininofeminino","tag-shop2gether-br"],"_links":{"self":[{"href":"https:\/\/jr1.com.br\/shopping\/wp-json\/wp\/v2\/posts\/219347","targetHints":{"allow":["GET"]}}],"collection":[{"href":"https:\/\/jr1.com.br\/shopping\/wp-json\/wp\/v2\/posts"}],"about":[{"href":"https:\/\/jr1.com.br\/shopping\/wp-json\/wp\/v2\/types\/post"}],"author":[{"embeddable":true,"href":"https:\/\/jr1.com.br\/shopping\/wp-json\/wp\/v2\/users\/1"}],"replies":[{"embeddable":true,"href":"https:\/\/jr1.com.br\/shopping\/wp-json\/wp\/v2\/comments?post=219347"}],"version-history":[{"count":0,"href":"https:\/\/jr1.com.br\/shopping\/wp-json\/wp\/v2\/posts\/219347\/revisions"}],"wp:attachment":[{"href":"https:\/\/jr1.com.br\/shopping\/wp-json\/wp\/v2\/media?parent=219347"}],"wp:term":[{"taxonomy":"category","embeddable":true,"href":"https:\/\/jr1.com.br\/shopping\/wp-json\/wp\/v2\/categories?post=219347"},{"taxonomy":"post_tag","embeddable":true,"href":"https:\/\/jr1.com.br\/shopping\/wp-json\/wp\/v2\/tags?post=219347"}],"curies":[{"name":"wp","href":"https:\/\/api.w.org\/{rel}","templated":true}]}}