{"id":260974,"date":"2026-07-11T12:25:03","date_gmt":"2026-07-11T12:25:03","guid":{"rendered":"https:\/\/jr1.com.br\/shopping\/2026\/07\/saia-curta-em-pu-preto\/"},"modified":"2026-07-11T12:25:03","modified_gmt":"2026-07-11T12:25:03","slug":"saia-curta-em-pu-preto","status":"publish","type":"post","link":"https:\/\/jr1.com.br\/shopping\/2026\/07\/saia-curta-em-pu-preto\/","title":{"rendered":"Saia Curta em Pu Preto"},"content":{"rendered":"<h2>Vestu\u00e1rio e acess\u00f3rios > Roupas<\/h2>\n<h3>O pre\u00e7o de Saia Curta em Pu Preto no dia acima especificado era de <strong>R$ 264.9<\/strong>.<\/h3>\n<p>Confira o pre\u00e7o atual aqui: <a href=\"https:\/\/www.awin1.com\/pclick.php?p=44643996640&#038;a=690303&#038;m=17634\" rel=\"noopener sponsored\"><img decoding=\"async\" src=\"https:\/\/ui.awin.com\/images\/upload\/merchant\/profile\/17634.png\" alt=\"Saia Curta em Pu Preto\" \/> &#8211; nas lojas Posthaus BR<\/a><\/p>\n<p><img decoding=\"async\" src=\"https:\/\/www.posthaus.com.br\/static\/public\/produtos\/moda-feminina\/saia-curta\/saia-curta-em-pu-preto_845113_600_1.jpg\" alt=\"Saia Curta em Pu Preto\" \/><br \/>\nA saia curta aposta em um corte vers\u00e1til que transita com naturalidade pelas produ\u00e7\u00f5es urbanas. O PU garante presen\u00e7a imediata, criando um visual imponente que combina com diferentes propostas, do tric\u00f4 sequinho \u00e0 jaqueta Lunender da cole\u00e7\u00e3o. Feita em PU (poliuretano). Toque macio. Comprimento curto. Fechamento por z\u00edper. Caimento confort\u00e1vel.<\/p>\n<h4>Aproveite e pesquise o pre\u00e7o deste produto em dezenas de lojas dos marketplaces abaixo:<\/h4>\n<p><a href=\"https:\/\/www.magazinevoce.com.br\/magazineezu\/busca\/Saia Curta em Pu Preto\/\" target=\"_blank\" rel=\"noopener\"><img decoding=\"async\" src=\"https:\/\/mvc.mlcdn.com.br\/ad\/2503_superofertas.png\" alt=\"Pesquise no Magazine eZu\" \/> &#8211; da Parceria MAGALU<\/a>.<\/p>\n<p>Ainda n\u00e3o encontrou a melhor op\u00e7\u00e3o de compra? Oferecemos mais uma possibilidade de <strong>busca<\/strong> mais ampla para <a href=\"https:\/\/ecompare.com.br\/lojas\/resultados-da-pesquisa\/?q=Saia Curta em Pu Preto#gsc.tab=0&amp;gsc.q=Saia Curta em Pu Preto&amp;gsc.page=1\" target=\"_blank\" rel=\"noopener\">Saia Curta em Pu Preto, clique e continue <strong>pesquisando&#8230;<\/strong><\/a><\/p>\n<hr \/>\n<p>COD25523443611670075225433416610770<\/p>\n","protected":false},"excerpt":{"rendered":"<p>R$ 264.9 nas lojas <a href=\"https:\/\/www.awin1.com\/pclick.php?p=44643996640&#038;a=690303&#038;m=17634\" target=\"_blank\" rel=\"sponsored\">Posthaus BR<\/a><\/p>\n","protected":false},"author":1,"featured_media":0,"comment_status":"closed","ping_status":"closed","sticky":false,"template":"","format":"standard","meta":{"footnotes":""},"categories":[2],"tags":[15588,14455,14456],"class_list":["post-260974","post","type-post","status-publish","format-standard","hentry","category-produtos","tag-264-9","tag-posthaus-br","tag-vestuario-e-acessorios-roupas"],"_links":{"self":[{"href":"https:\/\/jr1.com.br\/shopping\/wp-json\/wp\/v2\/posts\/260974","targetHints":{"allow":["GET"]}}],"collection":[{"href":"https:\/\/jr1.com.br\/shopping\/wp-json\/wp\/v2\/posts"}],"about":[{"href":"https:\/\/jr1.com.br\/shopping\/wp-json\/wp\/v2\/types\/post"}],"author":[{"embeddable":true,"href":"https:\/\/jr1.com.br\/shopping\/wp-json\/wp\/v2\/users\/1"}],"replies":[{"embeddable":true,"href":"https:\/\/jr1.com.br\/shopping\/wp-json\/wp\/v2\/comments?post=260974"}],"version-history":[{"count":0,"href":"https:\/\/jr1.com.br\/shopping\/wp-json\/wp\/v2\/posts\/260974\/revisions"}],"wp:attachment":[{"href":"https:\/\/jr1.com.br\/shopping\/wp-json\/wp\/v2\/media?parent=260974"}],"wp:term":[{"taxonomy":"category","embeddable":true,"href":"https:\/\/jr1.com.br\/shopping\/wp-json\/wp\/v2\/categories?post=260974"},{"taxonomy":"post_tag","embeddable":true,"href":"https:\/\/jr1.com.br\/shopping\/wp-json\/wp\/v2\/tags?post=260974"}],"curies":[{"name":"wp","href":"https:\/\/api.w.org\/{rel}","templated":true}]}}