{"id":305053,"date":"2026-07-05T04:00:57","date_gmt":"2026-07-05T04:00:57","guid":{"rendered":"https:\/\/jr1.com.br\/shopping\/2026\/07\/tenis-infantil-preta-com-elastico\/"},"modified":"2026-07-05T04:00:57","modified_gmt":"2026-07-05T04:00:57","slug":"tenis-infantil-preta-com-elastico","status":"publish","type":"post","link":"https:\/\/jr1.com.br\/shopping\/2026\/07\/tenis-infantil-preta-com-elastico\/","title":{"rendered":"T\u00eanis Infantil Preta com El\u00e1stico"},"content":{"rendered":"<h2>Vestu\u00e1rio e acess\u00f3rios > Roupas<\/h2>\n<h3>O pre\u00e7o de T\u00eanis Infantil Preta com El\u00e1stico no dia acima especificado era de <strong>R$ 69.99<\/strong>.<\/h3>\n<p>Confira o pre\u00e7o atual aqui: <a href=\"https:\/\/www.awin1.com\/pclick.php?p=35587894988&#038;a=690303&#038;m=17634\" rel=\"noopener sponsored\"><img decoding=\"async\" src=\"https:\/\/ui.awin.com\/images\/upload\/merchant\/profile\/17634.png\" alt=\"T\u00eanis Infantil Preta com El\u00e1stico\" \/> &#8211; nas lojas Posthaus BR<\/a><\/p>\n<p><img decoding=\"async\" src=\"https:\/\/www.posthaus.com.br\/static\/public\/produtos\/calcado-para-menina\/tenis\/tenis-infantil-preta-com-elastico_365727_600_1.jpg\" alt=\"T\u00eanis Infantil Preta com El\u00e1stico\" \/><br \/>\nT\u00eanis infantil desenvolvido em tecido com aplica\u00e7\u00e3o de el\u00e1stico no cabedal e biqueira em sint\u00e9tico. Fechamento em cadar\u00e7o. Solado em PVC.<\/p>\n<h4>Aproveite e pesquise o pre\u00e7o deste produto em dezenas de lojas dos marketplaces abaixo:<\/h4>\n<p><a href=\"https:\/\/www.magazinevoce.com.br\/magazineezu\/busca\/T\u00eanis Infantil Preta com El\u00e1stico\/\" target=\"_blank\" rel=\"noopener\"><img decoding=\"async\" src=\"https:\/\/mvc.mlcdn.com.br\/ad\/2503_superofertas.png\" alt=\"Pesquise no Magazine eZu\" \/> &#8211; da Parceria MAGALU<\/a>.<\/p>\n<p>Ainda n\u00e3o encontrou a melhor op\u00e7\u00e3o de compra? Oferecemos mais uma possibilidade de <strong>busca<\/strong> mais ampla para <a href=\"https:\/\/ecompare.com.br\/lojas\/resultados-da-pesquisa\/?q=T\u00eanis Infantil Preta com El\u00e1stico#gsc.tab=0&amp;gsc.q=T\u00eanis Infantil Preta com El\u00e1stico&amp;gsc.page=1\" target=\"_blank\" rel=\"noopener\">T\u00eanis Infantil Preta com El\u00e1stico, clique e continue <strong>pesquisando&#8230;<\/strong><\/a><\/p>\n<hr \/>\n<p>COD25523443611670075225433416610770<\/p>\n","protected":false},"excerpt":{"rendered":"<p>R$ 69.99 nas lojas <a href=\"https:\/\/www.awin1.com\/pclick.php?p=35587894988&#038;a=690303&#038;m=17634\" target=\"_blank\" rel=\"sponsored\">Posthaus BR<\/a><\/p>\n","protected":false},"author":1,"featured_media":0,"comment_status":"closed","ping_status":"closed","sticky":false,"template":"","format":"standard","meta":{"footnotes":""},"categories":[2],"tags":[208,14455,14456],"class_list":["post-305053","post","type-post","status-publish","format-standard","hentry","category-produtos","tag-69-99","tag-posthaus-br","tag-vestuario-e-acessorios-roupas"],"_links":{"self":[{"href":"https:\/\/jr1.com.br\/shopping\/wp-json\/wp\/v2\/posts\/305053","targetHints":{"allow":["GET"]}}],"collection":[{"href":"https:\/\/jr1.com.br\/shopping\/wp-json\/wp\/v2\/posts"}],"about":[{"href":"https:\/\/jr1.com.br\/shopping\/wp-json\/wp\/v2\/types\/post"}],"author":[{"embeddable":true,"href":"https:\/\/jr1.com.br\/shopping\/wp-json\/wp\/v2\/users\/1"}],"replies":[{"embeddable":true,"href":"https:\/\/jr1.com.br\/shopping\/wp-json\/wp\/v2\/comments?post=305053"}],"version-history":[{"count":0,"href":"https:\/\/jr1.com.br\/shopping\/wp-json\/wp\/v2\/posts\/305053\/revisions"}],"wp:attachment":[{"href":"https:\/\/jr1.com.br\/shopping\/wp-json\/wp\/v2\/media?parent=305053"}],"wp:term":[{"taxonomy":"category","embeddable":true,"href":"https:\/\/jr1.com.br\/shopping\/wp-json\/wp\/v2\/categories?post=305053"},{"taxonomy":"post_tag","embeddable":true,"href":"https:\/\/jr1.com.br\/shopping\/wp-json\/wp\/v2\/tags?post=305053"}],"curies":[{"name":"wp","href":"https:\/\/api.w.org\/{rel}","templated":true}]}}