{"id":30978,"date":"2025-08-03T19:46:45","date_gmt":"2025-08-03T19:46:45","guid":{"rendered":"https:\/\/jr1.com.br\/shopping\/2025\/08\/03\/po-compacto-matte-faces-42235578389\/"},"modified":"2025-08-03T19:46:45","modified_gmt":"2025-08-03T19:46:45","slug":"po-compacto-matte-faces-42235578389","status":"publish","type":"post","link":"https:\/\/jr1.com.br\/shopping\/2025\/08\/03\/po-compacto-matte-faces-42235578389\/","title":{"rendered":"P\u00f3 Compacto Matte Faces &#8211; 42235578389"},"content":{"rendered":"<h2>Sa\u00fade e beleza > Cuidados pessoais > Cosm\u00e9ticos > Maquiagem<\/h2>\n<h3>O pre\u00e7o de P\u00f3 Compacto Matte Faces no dia acima especificado era de <strong>R$ 48.90<\/strong>.<\/h3>\n<p>Confira o pre\u00e7o atual aqui: <a href=\"https:\/\/www.natura.com.br\/p\/po-compacto-matte-faces\/NATBRA-8883?utm_source=awin&#038;utm_medium=aff&#038;utm_campaign=690303&#038;utm_content=u1&#038;utm_term=&#038;sv1=affiliate&#038;sv_campaign_id=690303&#038;awc=64882_1747143695_604e9a136a087f3da65a6e07584fd7f3\" target=\"_blank\" rel=\"noopener sponsored\"><img decoding=\"async\" src=\"https:\/\/ui.awin.com\/images\/upload\/merchant\/profile\/17658.png\" alt=\"P\u00f3 Compacto Matte Faces\" \/> &#8211; nas lojas  Natura BR<\/a><\/p>\n<p><img decoding=\"async\" src=\"https:\/\/production.na01.natura.com\/on\/demandware.static\/-\/Sites-natura-br-storefront-catalog\/default\/dw38bf3dca\/Produtos\/NATBRA-8883_1.jpg\" alt=\"P\u00f3 Compacto Matte Faces\" \/><br \/>\nCom textura leve e efeito matte, o P\u00f3 Compacto de NaturaFaces uniformiza o tom da pele e reduz o brilho causado peloexcesso de oleosidade. Al\u00e9m disso, disfar\u00e7a imperfei\u00e7\u00f5es edeixa a pele com aspecto saud\u00e1vel.<\/p>\n<h4>Aproveite e pesquise o pre\u00e7o deste produto em dezenas de lojas dos marketplaces abaixo:<\/h4>\n<p><a href=\"https:\/\/www.magazinevoce.com.br\/magazineezu\/busca\/P\u00f3 Compacto Matte Faces\/\" target=\"_blank\" rel=\"noopener\"><img decoding=\"async\" src=\"https:\/\/mvc.mlcdn.com.br\/ad\/2503_superofertas.png\" alt=\"Pesquise no Magazine eZu\" \/> &#8211; da Parceria MAGALU<\/a>.<\/p>\n<p>Ainda n\u00e3o encontrou a melhor op\u00e7\u00e3o de compra? Oferecemos mais uma possibilidade de <strong>busca<\/strong> mais ampla para <a href=\"https:\/\/ecompare.com.br\/lojas\/resultados-da-pesquisa\/?q=P\u00f3 Compacto Matte Faces#gsc.tab=0&amp;gsc.q=P\u00f3 Compacto Matte Faces&amp;gsc.page=1\" target=\"_blank\" rel=\"noopener\">P\u00f3 Compacto Matte Faces, clique e continue <strong>pesquisando&#8230;<\/strong><\/a><\/p>\n<hr \/>\n","protected":false},"excerpt":{"rendered":"<p>R$ 48.90 nas lojas <a href=\"https:\/\/www.awin1.com\/pclick.php?p=42235578389&#038;a=690303&#038;m=17658\" target=\"_blank\" rel=\"sponsored\">Natura BR<\/a><\/p>\n","protected":false},"author":1,"featured_media":0,"comment_status":"closed","ping_status":"closed","sticky":false,"template":"","format":"standard","meta":{"footnotes":""},"categories":[2],"tags":[27],"class_list":["post-30978","post","type-post","status-publish","format-standard","hentry","category-produtos","tag-natura-br"],"_links":{"self":[{"href":"https:\/\/jr1.com.br\/shopping\/wp-json\/wp\/v2\/posts\/30978","targetHints":{"allow":["GET"]}}],"collection":[{"href":"https:\/\/jr1.com.br\/shopping\/wp-json\/wp\/v2\/posts"}],"about":[{"href":"https:\/\/jr1.com.br\/shopping\/wp-json\/wp\/v2\/types\/post"}],"author":[{"embeddable":true,"href":"https:\/\/jr1.com.br\/shopping\/wp-json\/wp\/v2\/users\/1"}],"replies":[{"embeddable":true,"href":"https:\/\/jr1.com.br\/shopping\/wp-json\/wp\/v2\/comments?post=30978"}],"version-history":[{"count":0,"href":"https:\/\/jr1.com.br\/shopping\/wp-json\/wp\/v2\/posts\/30978\/revisions"}],"wp:attachment":[{"href":"https:\/\/jr1.com.br\/shopping\/wp-json\/wp\/v2\/media?parent=30978"}],"wp:term":[{"taxonomy":"category","embeddable":true,"href":"https:\/\/jr1.com.br\/shopping\/wp-json\/wp\/v2\/categories?post=30978"},{"taxonomy":"post_tag","embeddable":true,"href":"https:\/\/jr1.com.br\/shopping\/wp-json\/wp\/v2\/tags?post=30978"}],"curies":[{"name":"wp","href":"https:\/\/api.w.org\/{rel}","templated":true}]}}