{"id":31406,"date":"2025-09-03T22:28:48","date_gmt":"2025-09-03T22:28:48","guid":{"rendered":"https:\/\/jr1.com.br\/shopping\/2025\/09\/03\/combo-finalizacao-gel-de-definicao-250g-gel-capilar-baby-hair-24h-10g-38045316801\/"},"modified":"2025-09-03T22:28:48","modified_gmt":"2025-09-03T22:28:48","slug":"combo-finalizacao-gel-de-definicao-250g-gel-capilar-baby-hair-24h-10g-38045316801","status":"publish","type":"post","link":"https:\/\/jr1.com.br\/shopping\/2025\/09\/03\/combo-finalizacao-gel-de-definicao-250g-gel-capilar-baby-hair-24h-10g-38045316801\/","title":{"rendered":"Combo Finaliza\u00e7\u00e3o: Gel de Defini\u00e7\u00e3o 250g + Gel Capilar Baby Hair 24h 10g &#8211; 38045316801"},"content":{"rendered":"<h2>Sa\u00fade e beleza > Cuidados pessoais > Cuidados com os cabelos<\/h2>\n<h3>O pre\u00e7o de Combo Finaliza\u00e7\u00e3o: Gel de Defini\u00e7\u00e3o 250g + Gel Capilar Baby Hair 24h 10g no dia acima especificado era de <strong>R$ 68.89<\/strong>.<\/h3>\n<p>Confira o pre\u00e7o atual aqui: <a href=\"https:\/\/www.vult.com.br\/combo-finalizacao-gel-de-definicao-250g-gel-capilar-baby-hair-24h-10g\/?utm_source=awin&#038;utm_medium=aff&#038;utm_campaign=690303&#038;utm_content=u1&#038;utm_term=&#038;sv1=affiliate&#038;sv_campaign_id=690303&#038;awc=64882_1747143695_604e9a136a087f3da65a6e07584fd7f3\" target=\"_blank\" rel=\"noopener sponsored\"><img decoding=\"async\" src=\"https:\/\/ui.awin.com\/images\/upload\/merchant\/profile\/21055.png\" alt=\"Combo Finaliza\u00e7\u00e3o: Gel de Defini\u00e7\u00e3o 250g + Gel Capilar Baby Hair 24h 10g\" \/> &#8211; nas lojas  Vult BR<\/a><\/p>\n<p><img decoding=\"async\" src=\"https:\/\/res.cloudinary.com\/beleza-na-web\/image\/upload\/w_1500\/f_auto\/fl_progressive\/q_auto:best\/v1\/imagens\/product\/V2024040153\/ac13d6ca-c770-4b8a-942c-6abc1340aa88-vult-2024040153-cabelos.jpg\" alt=\"Combo Finaliza\u00e7\u00e3o: Gel de Defini\u00e7\u00e3o 250g + Gel Capilar Baby Hair 24h 10g\" \/><br \/>\nO Combo Finaliza\u00e7\u00e3o traz itens com nova f\u00f3rmula desenvolvida com Tecnologia HD , que \u00e9 um sistema inteligente composto por amino\u00e1cidos reconhecidos pelo alto potencial reparador que agem profundamente fio a fio. Indispens\u00e1vel para a sua rotina de hair care , este combo traz um gel de defini\u00e7\u00e3o e um gel capilar : GEL DE DEFINI\u00c7\u00c3O O Gel de Defini\u00e7\u00e3o Vult Cabelos Cachos e Crespos finaliza os fios com defini\u00e7\u00e3o e cuidado, deixando-os macios e brilhantes. Vers\u00e1til, ele pode ser usado nos cabelos secos ou \u00famidos. Confira todos os benef\u00edcios: -At\u00e9 96 horas de defini\u00e7\u00e3o sem frizz; -Modela at\u00e9 os fios indefinidos\u200b; -Brilho espelhado e maciez; -Sem enx\u00e1gue; -F\u00f3rmula vegana; -Sem sal\u00b9; -Liberada para low poo e no poo\u00b2: sem parabenos, petrolatos, sulfatos e silicones; GEL CAPILAR O Gel Capilar Baby Hair 24h Vult Cabelos Ondulados,Cacheados e Crespos modela e fixa os cabelos imediatamente por at\u00e9 24 horas, sem deixar grumos ou ressecar os fios. Sua f\u00f3rmula elimina o frizz e estiliza os fios sem deix\u00e1-los r\u00edgidos . O resultado \u00e9 um baby hair estiloso e modelado! Confira todos os benef\u00edcios: -Modela e estiliza\u200b; &#8211; Fixa\u00e7\u00e3o imediata; &#8211; F\u00f3rmula vegana; &#8211; Liberada para low poo e no poo\u00b2 : sem parabenos, petrolatos, sulfatos e silicones; Nenhum produto Vult \u00e9 testado em animais, ou seja, este item possui selo Cruelty Free. 1 &#8211; Sem adi\u00e7\u00e3o de cloreto de s\u00f3dio. 2 &#8211; Petrolatos: \u00f3leo mineral e parafina; Sulfatos: surfactantes sulfatados.<\/p>\n<h4>Aproveite e pesquise o pre\u00e7o deste produto em dezenas de lojas dos marketplaces abaixo:<\/h4>\n<p><a href=\"https:\/\/www.magazinevoce.com.br\/magazineezu\/busca\/Combo Finaliza\u00e7\u00e3o: Gel de Defini\u00e7\u00e3o 250g + Gel Capilar Baby Hair 24h 10g\/\" target=\"_blank\" rel=\"noopener\"><img decoding=\"async\" src=\"https:\/\/mvc.mlcdn.com.br\/ad\/2503_superofertas.png\" alt=\"Pesquise no Magazine eZu\" \/> &#8211; da Parceria MAGALU<\/a>.<\/p>\n<p>Ainda n\u00e3o encontrou a melhor op\u00e7\u00e3o de compra? Oferecemos mais uma possibilidade de <strong>busca<\/strong> mais ampla para <a href=\"https:\/\/ecompare.com.br\/lojas\/resultados-da-pesquisa\/?q=Combo Finaliza\u00e7\u00e3o: Gel de Defini\u00e7\u00e3o 250g + Gel Capilar Baby Hair 24h 10g#gsc.tab=0&amp;gsc.q=Combo Finaliza\u00e7\u00e3o: Gel de Defini\u00e7\u00e3o 250g + Gel Capilar Baby Hair 24h 10g&amp;gsc.page=1\" target=\"_blank\" rel=\"noopener\">Combo Finaliza\u00e7\u00e3o: Gel de Defini\u00e7\u00e3o 250g + Gel Capilar Baby Hair 24h 10g, clique e continue <strong>pesquisando&#8230;<\/strong><\/a><\/p>\n<hr \/>\n","protected":false},"excerpt":{"rendered":"<p>R$ 68.89 nas lojas <a href=\"https:\/\/www.awin1.com\/pclick.php?p=38045316801&#038;a=690303&#038;m=21055\" target=\"_blank\" rel=\"sponsored\">Vult BR<\/a><\/p>\n","protected":false},"author":1,"featured_media":0,"comment_status":"closed","ping_status":"closed","sticky":false,"template":"","format":"standard","meta":{"footnotes":""},"categories":[2],"tags":[28],"class_list":["post-31406","post","type-post","status-publish","format-standard","hentry","category-produtos","tag-vult-br"],"_links":{"self":[{"href":"https:\/\/jr1.com.br\/shopping\/wp-json\/wp\/v2\/posts\/31406","targetHints":{"allow":["GET"]}}],"collection":[{"href":"https:\/\/jr1.com.br\/shopping\/wp-json\/wp\/v2\/posts"}],"about":[{"href":"https:\/\/jr1.com.br\/shopping\/wp-json\/wp\/v2\/types\/post"}],"author":[{"embeddable":true,"href":"https:\/\/jr1.com.br\/shopping\/wp-json\/wp\/v2\/users\/1"}],"replies":[{"embeddable":true,"href":"https:\/\/jr1.com.br\/shopping\/wp-json\/wp\/v2\/comments?post=31406"}],"version-history":[{"count":0,"href":"https:\/\/jr1.com.br\/shopping\/wp-json\/wp\/v2\/posts\/31406\/revisions"}],"wp:attachment":[{"href":"https:\/\/jr1.com.br\/shopping\/wp-json\/wp\/v2\/media?parent=31406"}],"wp:term":[{"taxonomy":"category","embeddable":true,"href":"https:\/\/jr1.com.br\/shopping\/wp-json\/wp\/v2\/categories?post=31406"},{"taxonomy":"post_tag","embeddable":true,"href":"https:\/\/jr1.com.br\/shopping\/wp-json\/wp\/v2\/tags?post=31406"}],"curies":[{"name":"wp","href":"https:\/\/api.w.org\/{rel}","templated":true}]}}