{"id":31438,"date":"2025-08-30T18:18:14","date_gmt":"2025-08-30T18:18:14","guid":{"rendered":"https:\/\/jr1.com.br\/shopping\/2025\/08\/30\/po-compacto-matte-ultrafino-cor-v420-38045316833\/"},"modified":"2025-08-30T18:18:14","modified_gmt":"2025-08-30T18:18:14","slug":"po-compacto-matte-ultrafino-cor-v420-38045316833","status":"publish","type":"post","link":"https:\/\/jr1.com.br\/shopping\/2025\/08\/30\/po-compacto-matte-ultrafino-cor-v420-38045316833\/","title":{"rendered":"P\u00f3 Compacto Matte Ultrafino Cor V420 &#8211; 38045316833"},"content":{"rendered":"<h2>Sa\u00fade e beleza > Cuidados pessoais > Cosm\u00e9ticos > Maquiagem > Maquiagem para o rosto > P\u00f3 facial<\/h2>\n<h3>O pre\u00e7o de P\u00f3 Compacto Matte Ultrafino Cor V420 no dia acima especificado era de <strong>R$ 30.59<\/strong>.<\/h3>\n<p>Confira o pre\u00e7o atual aqui: <a href=\"https:\/\/www.vult.com.br\/po-compacto-matte-ultrafino-cor-v420\/?utm_source=awin&#038;utm_medium=aff&#038;utm_campaign=690303&#038;utm_content=u1&#038;utm_term=&#038;sv1=affiliate&#038;sv_campaign_id=690303&#038;awc=64882_1747143695_604e9a136a087f3da65a6e07584fd7f3\" target=\"_blank\" rel=\"noopener sponsored\"><img decoding=\"async\" src=\"https:\/\/ui.awin.com\/images\/upload\/merchant\/profile\/21055.png\" alt=\"P\u00f3 Compacto Matte Ultrafino Cor V420\" \/> &#8211; nas lojas  Vult BR<\/a><\/p>\n<p><img decoding=\"async\" src=\"https:\/\/res.cloudinary.com\/beleza-na-web\/image\/upload\/w_1500\/f_auto\/fl_progressive\/q_auto:best\/v1\/imagens\/product\/Z50850\/9c258e1a-d9cc-4f50-a6a6-45c8b65b747c-vult-50850-po-compacto-matte-ultrafino-cor-03-frontal-01.jpg\" alt=\"P\u00f3 Compacto Matte Ultrafino Cor V420\" \/><br \/>\nO P\u00f3 Compacto queridinho do Brasil combina com voc\u00ea na hora de selar a maquiagem ! O P\u00f3 Compacto Matte Ultrafino deixa a pele com um lindo aspecto aveludado, sendo indispens\u00e1vel para manter a make como voc\u00ea deseja o dia todo. Com uma textura bem fininha, cont\u00e9m micropart\u00edculas que proporcionam cobertura uniforme, efeito matte e toque seco. Confira mais benef\u00edcios: &#8211; Tecnologia Real Color: alta pigmenta\u00e7\u00e3o e cores fi\u00e9is da embalagem para sua pele. -Vegano; -Cobertura m\u00e9dia a alta ; &#8211; Efeito natural; &#8211; F\u00f3rmula Oil Free: livre de ingredientes oleosos em sua formula\u00e7\u00e3o; -Com Vitamina E -Aumenta a durabilidade da maquiagem. &#8211; Livre de parabenos; -Brilho controlado ao longo do dia; -Dermatologicamente testado. A cor V420 \u00e9 um p\u00f3 compacto de intensidade de cor clara que faz parte das 10 cores da linha para combinar com os diversos tons de pele , sendo uma \u00f3tima op\u00e7\u00e3o de p\u00f3 compacto para a pele branca . Escolha a sua cor e conquiste o efeito desejado! O p\u00f3 compacto que voc\u00ea ama, agora de cara nova! Com 15% menos pl\u00e1stico , apresentamos uma nova embalagem, mas com a mesma f\u00f3rmula vegana e \u00edncrivel deste p\u00f3 compacto Vult queridinho. Este produto foi pensado para ser descartado de forma respons\u00e1vel, basta levar a embalagem vazia do seu P\u00f3 Compacto Matte Ultrafino Vult a uma das lojas do grupo Botic\u00e1rio e pronto! Nenhum produto Vult \u00e9 testado em animais, ou seja, este item possui selo Cruelty Free. *P\u00f3 Compacto mais vendido em farm\u00e1cias e perfumarias de janeiro a outubro de 2023 em territ\u00f3rio nacional; Nielsen.<\/p>\n<h4>Aproveite e pesquise o pre\u00e7o deste produto em dezenas de lojas dos marketplaces abaixo:<\/h4>\n<p><a href=\"https:\/\/www.magazinevoce.com.br\/magazineezu\/busca\/P\u00f3 Compacto Matte Ultrafino Cor V420\/\" target=\"_blank\" rel=\"noopener\"><img decoding=\"async\" src=\"https:\/\/mvc.mlcdn.com.br\/ad\/2503_superofertas.png\" alt=\"Pesquise no Magazine eZu\" \/> &#8211; da Parceria MAGALU<\/a>.<\/p>\n<p>Ainda n\u00e3o encontrou a melhor op\u00e7\u00e3o de compra? Oferecemos mais uma possibilidade de <strong>busca<\/strong> mais ampla para <a href=\"https:\/\/ecompare.com.br\/lojas\/resultados-da-pesquisa\/?q=P\u00f3 Compacto Matte Ultrafino Cor V420#gsc.tab=0&amp;gsc.q=P\u00f3 Compacto Matte Ultrafino Cor V420&amp;gsc.page=1\" target=\"_blank\" rel=\"noopener\">P\u00f3 Compacto Matte Ultrafino Cor V420, clique e continue <strong>pesquisando&#8230;<\/strong><\/a><\/p>\n<hr \/>\n","protected":false},"excerpt":{"rendered":"<p>R$ 30.59 nas lojas <a href=\"https:\/\/www.awin1.com\/pclick.php?p=38045316833&#038;a=690303&#038;m=21055\" target=\"_blank\" rel=\"sponsored\">Vult BR<\/a><\/p>\n","protected":false},"author":1,"featured_media":0,"comment_status":"closed","ping_status":"closed","sticky":false,"template":"","format":"standard","meta":{"footnotes":""},"categories":[2],"tags":[28],"class_list":["post-31438","post","type-post","status-publish","format-standard","hentry","category-produtos","tag-vult-br"],"_links":{"self":[{"href":"https:\/\/jr1.com.br\/shopping\/wp-json\/wp\/v2\/posts\/31438","targetHints":{"allow":["GET"]}}],"collection":[{"href":"https:\/\/jr1.com.br\/shopping\/wp-json\/wp\/v2\/posts"}],"about":[{"href":"https:\/\/jr1.com.br\/shopping\/wp-json\/wp\/v2\/types\/post"}],"author":[{"embeddable":true,"href":"https:\/\/jr1.com.br\/shopping\/wp-json\/wp\/v2\/users\/1"}],"replies":[{"embeddable":true,"href":"https:\/\/jr1.com.br\/shopping\/wp-json\/wp\/v2\/comments?post=31438"}],"version-history":[{"count":0,"href":"https:\/\/jr1.com.br\/shopping\/wp-json\/wp\/v2\/posts\/31438\/revisions"}],"wp:attachment":[{"href":"https:\/\/jr1.com.br\/shopping\/wp-json\/wp\/v2\/media?parent=31438"}],"wp:term":[{"taxonomy":"category","embeddable":true,"href":"https:\/\/jr1.com.br\/shopping\/wp-json\/wp\/v2\/categories?post=31438"},{"taxonomy":"post_tag","embeddable":true,"href":"https:\/\/jr1.com.br\/shopping\/wp-json\/wp\/v2\/tags?post=31438"}],"curies":[{"name":"wp","href":"https:\/\/api.w.org\/{rel}","templated":true}]}}