{"id":31788,"date":"2025-08-01T17:38:27","date_gmt":"2025-08-01T17:38:27","guid":{"rendered":"https:\/\/jr1.com.br\/shopping\/2025\/08\/01\/prateleira-prat-k-kids-me-leve-com-suporte-preta-12x20x60cm-41216130703\/"},"modified":"2025-08-01T17:38:27","modified_gmt":"2025-08-01T17:38:27","slug":"prateleira-prat-k-kids-me-leve-com-suporte-preta-12x20x60cm-41216130703","status":"publish","type":"post","link":"https:\/\/jr1.com.br\/shopping\/2025\/08\/01\/prateleira-prat-k-kids-me-leve-com-suporte-preta-12x20x60cm-41216130703\/","title":{"rendered":"Prateleira Prat-K Kids Me Leve com Suporte Preta 1,2x20x60cm &#8211; 41216130703"},"content":{"rendered":"<h2><\/h2>\n<h3>O pre\u00e7o de Prateleira Prat-K Kids Me Leve com Suporte Preta 1,2x20x60cm no dia acima especificado era de <strong>R$ 29.99<\/strong>.<\/h3>\n<p>Confira o pre\u00e7o atual aqui: <a href=\"https:\/\/lista.lebiscuit.com.br\/prateleira-mdp-prat-k-meleve-20x60cm-pt-5132436\/p?idsku=2147448694?utm_source=awin&#038;utm_medium=aff&#038;utm_campaign=690303&#038;utm_content=u1&#038;utm_term=&#038;sv1=affiliate&#038;sv_campaign_id=690303&#038;awc=64882_1747143695_604e9a136a087f3da65a6e07584fd7f3\" target=\"_blank\" rel=\"noopener sponsored\"><img decoding=\"async\" src=\"https:\/\/ui.awin.com\/images\/upload\/merchant\/profile\/24620.png\" alt=\"Prateleira Prat-K Kids Me Leve com Suporte Preta 1,2x20x60cm\" \/> &#8211; nas lojas  Le Biscuit BR<\/a><\/p>\n<p><img decoding=\"async\" src=\"https:\/\/lebiscuit.vteximg.com.br\/arquivos\/ids\/61130121_2\" alt=\"Prateleira Prat-K Kids Me Leve com Suporte Preta 1,2x20x60cm\" \/><br \/>\nVoc\u00ea est\u00e1 buscando uma maneira pr\u00e1tica e elegante de organizar e decorar seu espa\u00e7o? Apresentamos a Prateleira Prat-K Kids Me Lev e com Suporte 1,2x20x60cm , perfeita para qualquer ambiente. \u00c9 a solu\u00e7\u00e3o perfeita para suas necessidades de armazenamento e deco ra\u00e7\u00e3o. Na cor preta, que traz uma sensa\u00e7\u00e3o de tranquilidade e serenidade para o seu espa\u00e7o. Este tom suave e encantador \u00e9 perfeito p ara quartos infantis, salas de estar, garagens, lavanderias e muito mais. Ele combina facilmente com diversos estilos de decora\u00e7\u00e3o.< BR>Fabricada em MDP pintado de alta qualidade, que \u00e9 conhecida por sua durabilidade e resist\u00eancia, possui cantos arredondados. A prateleira inclui suportes e um kit de fixa\u00e7\u00e3o. A instala\u00e7\u00e3o \u00e9 simples e r\u00e1pida, permitindo que voc\u00ea tenha seu espa\u00e7o organizado e decorado em pouco tempo. A Prateleira Prat-K Kids Me Leve \u00e9 extremamente vers\u00e1til. Com suas dimens\u00f5es de 1,2x20x60cm, ela \u00e9 perfeita para exibir livros, brinquedos, objetos de decora\u00e7\u00e3o, produtos em lojas e muito mais. Seja qual for o ambiente que voc\u00ea des eja transformar, a Prateleira Prat-K Kids se encaixa perfeitamente. Crie um espa\u00e7o de leitura aconchegante em seu quarto, mantenha u ma garagem organizada ou torne uma lavanderia mais funcional. As possibilidades s\u00e3o infinitas. N\u00e3o espere mais para transformar seu espa\u00e7o. Adquira agora a Prateleira Prat-K Kids Me Leve e d\u00ea vida ao seu ambiente com estilo e qualidade.<\/p>\n<h4>Aproveite e pesquise o pre\u00e7o deste produto em dezenas de lojas dos marketplaces abaixo:<\/h4>\n<p><a href=\"https:\/\/www.magazinevoce.com.br\/magazineezu\/busca\/Prateleira Prat-K Kids Me Leve com Suporte Preta 1,2x20x60cm\/\" target=\"_blank\" rel=\"noopener\"><img decoding=\"async\" src=\"https:\/\/mvc.mlcdn.com.br\/ad\/2503_superofertas.png\" alt=\"Pesquise no Magazine eZu\" \/> &#8211; da Parceria MAGALU<\/a>.<\/p>\n<p>Ainda n\u00e3o encontrou a melhor op\u00e7\u00e3o de compra? Oferecemos mais uma possibilidade de <strong>busca<\/strong> mais ampla para <a href=\"https:\/\/ecompare.com.br\/lojas\/resultados-da-pesquisa\/?q=Prateleira Prat-K Kids Me Leve com Suporte Preta 1,2x20x60cm#gsc.tab=0&amp;gsc.q=Prateleira Prat-K Kids Me Leve com Suporte Preta 1,2x20x60cm&amp;gsc.page=1\" target=\"_blank\" rel=\"noopener\">Prateleira Prat-K Kids Me Leve com Suporte Preta 1,2x20x60cm, clique e continue <strong>pesquisando&#8230;<\/strong><\/a><\/p>\n<hr \/>\n","protected":false},"excerpt":{"rendered":"<p>R$ 29.99 nas lojas <a href=\"https:\/\/www.awin1.com\/pclick.php?p=41216130703&#038;a=690303&#038;m=24620\" target=\"_blank\" rel=\"sponsored\">Le Biscuit BR<\/a><\/p>\n","protected":false},"author":1,"featured_media":0,"comment_status":"closed","ping_status":"closed","sticky":false,"template":"","format":"standard","meta":{"footnotes":""},"categories":[2],"tags":[31],"class_list":["post-31788","post","type-post","status-publish","format-standard","hentry","category-produtos","tag-le-biscuit-br"],"_links":{"self":[{"href":"https:\/\/jr1.com.br\/shopping\/wp-json\/wp\/v2\/posts\/31788","targetHints":{"allow":["GET"]}}],"collection":[{"href":"https:\/\/jr1.com.br\/shopping\/wp-json\/wp\/v2\/posts"}],"about":[{"href":"https:\/\/jr1.com.br\/shopping\/wp-json\/wp\/v2\/types\/post"}],"author":[{"embeddable":true,"href":"https:\/\/jr1.com.br\/shopping\/wp-json\/wp\/v2\/users\/1"}],"replies":[{"embeddable":true,"href":"https:\/\/jr1.com.br\/shopping\/wp-json\/wp\/v2\/comments?post=31788"}],"version-history":[{"count":0,"href":"https:\/\/jr1.com.br\/shopping\/wp-json\/wp\/v2\/posts\/31788\/revisions"}],"wp:attachment":[{"href":"https:\/\/jr1.com.br\/shopping\/wp-json\/wp\/v2\/media?parent=31788"}],"wp:term":[{"taxonomy":"category","embeddable":true,"href":"https:\/\/jr1.com.br\/shopping\/wp-json\/wp\/v2\/categories?post=31788"},{"taxonomy":"post_tag","embeddable":true,"href":"https:\/\/jr1.com.br\/shopping\/wp-json\/wp\/v2\/tags?post=31788"}],"curies":[{"name":"wp","href":"https:\/\/api.w.org\/{rel}","templated":true}]}}