{"id":36990,"date":"2025-09-06T13:34:42","date_gmt":"2025-09-06T13:34:42","guid":{"rendered":"https:\/\/jr1.com.br\/shopping\/2025\/09\/06\/vestido-midi-ggt-estampa-matiz-41525832889\/"},"modified":"2025-09-06T13:34:42","modified_gmt":"2025-09-06T13:34:42","slug":"vestido-midi-ggt-estampa-matiz-41525832889","status":"publish","type":"post","link":"https:\/\/jr1.com.br\/shopping\/2025\/09\/06\/vestido-midi-ggt-estampa-matiz-41525832889\/","title":{"rendered":"Vestido Midi Ggt Estampa Matiz &#8211; 41525832889"},"content":{"rendered":"<h2>Ropa y accesorios<\/h2>\n<h3>O pre\u00e7o de Vestido Midi Ggt Estampa Matiz no dia acima especificado era de <strong>R$ 699.00<\/strong>.<\/h3>\n<p>Confira o pre\u00e7o atual aqui: <a href=\"https:\/\/www.mariafilo.com.br\/vestido-midi-ggt-estampa-matiz-est-matiz---15-20042-36036\/p?idsku=95793?utm_source=awin&#038;utm_medium=aff&#038;utm_campaign=690303&#038;utm_content=u1&#038;utm_term=&#038;sv1=affiliate&#038;sv_campaign_id=690303&#038;awc=64882_1747143695_604e9a136a087f3da65a6e07584fd7f3\" target=\"_blank\" rel=\"noopener sponsored\"><img decoding=\"async\" src=\"https:\/\/ui.awin.com\/images\/upload\/merchant\/profile\/116455.png\" alt=\"Vestido Midi Ggt Estampa Matiz\" \/> &#8211; nas lojas  Maria Fil\u00f3 BR<\/a><\/p>\n<p><img decoding=\"async\" src=\"https:\/\/mariafilo.vteximg.com.br\/arquivos\/ids\/468403_2\" alt=\"Vestido Midi Ggt Estampa Matiz\" \/><br \/>\nO Vestido Midi GGT Estampa Matiz \u00e9 a defini\u00e7\u00e3o de leveza e sofistica\u00e7\u00e3o sem esfor\u00e7o. Em 100% viscose, o tecido solto e fluido \u00e9 perfeito para dias quentes, complementado por um forro 100% poli\u00e9ster que garante conforto e evita transpar\u00eancias. A estampa floral delicada \u00e9 combinada com mangas bufantes e barras arredondadas, criando um visual feminino e atemporal. A cintura marcada com cordas no mesmo tecido pode ser substitu\u00edda por cintos, adaptando-se a diferentes estilos. Para completar, aposte em brincos dourados e rasteirinhas metalizadas. &#8211; A estampa Matiz traz frescor e delicadeza ao look. &#8211; Versatilidade na cintura, permitindo troca das cordas por cintos. &#8211; Conforto e praticidade para o dia-a-dia.<\/p>\n<h4>Aproveite e pesquise o pre\u00e7o deste produto em dezenas de lojas dos marketplaces abaixo:<\/h4>\n<p><a href=\"https:\/\/www.magazinevoce.com.br\/magazineezu\/busca\/Vestido Midi Ggt Estampa Matiz\/\" target=\"_blank\" rel=\"noopener\"><img decoding=\"async\" src=\"https:\/\/mvc.mlcdn.com.br\/ad\/2503_superofertas.png\" alt=\"Pesquise no Magazine eZu\" \/> &#8211; da Parceria MAGALU<\/a>.<\/p>\n<p>Ainda n\u00e3o encontrou a melhor op\u00e7\u00e3o de compra? Oferecemos mais uma possibilidade de <strong>busca<\/strong> mais ampla para <a href=\"https:\/\/ecompare.com.br\/lojas\/resultados-da-pesquisa\/?q=Vestido Midi Ggt Estampa Matiz#gsc.tab=0&amp;gsc.q=Vestido Midi Ggt Estampa Matiz&amp;gsc.page=1\" target=\"_blank\" rel=\"noopener\">Vestido Midi Ggt Estampa Matiz, clique e continue <strong>pesquisando&#8230;<\/strong><\/a><\/p>\n<hr \/>\n","protected":false},"excerpt":{"rendered":"<p>R$ 699.00 nas lojas <a href=\"https:\/\/www.awin1.com\/pclick.php?p=41525832889&#038;a=690303&#038;m=116455\" target=\"_blank\" rel=\"sponsored\">Maria Fil\u00f3 BR<\/a><\/p>\n","protected":false},"author":1,"featured_media":0,"comment_status":"closed","ping_status":"closed","sticky":false,"template":"","format":"standard","meta":{"footnotes":""},"categories":[2],"tags":[33],"class_list":["post-36990","post","type-post","status-publish","format-standard","hentry","category-produtos","tag-maria-filo-br"],"_links":{"self":[{"href":"https:\/\/jr1.com.br\/shopping\/wp-json\/wp\/v2\/posts\/36990","targetHints":{"allow":["GET"]}}],"collection":[{"href":"https:\/\/jr1.com.br\/shopping\/wp-json\/wp\/v2\/posts"}],"about":[{"href":"https:\/\/jr1.com.br\/shopping\/wp-json\/wp\/v2\/types\/post"}],"author":[{"embeddable":true,"href":"https:\/\/jr1.com.br\/shopping\/wp-json\/wp\/v2\/users\/1"}],"replies":[{"embeddable":true,"href":"https:\/\/jr1.com.br\/shopping\/wp-json\/wp\/v2\/comments?post=36990"}],"version-history":[{"count":0,"href":"https:\/\/jr1.com.br\/shopping\/wp-json\/wp\/v2\/posts\/36990\/revisions"}],"wp:attachment":[{"href":"https:\/\/jr1.com.br\/shopping\/wp-json\/wp\/v2\/media?parent=36990"}],"wp:term":[{"taxonomy":"category","embeddable":true,"href":"https:\/\/jr1.com.br\/shopping\/wp-json\/wp\/v2\/categories?post=36990"},{"taxonomy":"post_tag","embeddable":true,"href":"https:\/\/jr1.com.br\/shopping\/wp-json\/wp\/v2\/tags?post=36990"}],"curies":[{"name":"wp","href":"https:\/\/api.w.org\/{rel}","templated":true}]}}