{"id":37996,"date":"2025-08-28T10:59:10","date_gmt":"2025-08-28T10:59:10","guid":{"rendered":"https:\/\/jr1.com.br\/shopping\/2025\/08\/28\/saia-midi-ggt-estampa-sunset-preto-41936274665\/"},"modified":"2025-08-28T10:59:10","modified_gmt":"2025-08-28T10:59:10","slug":"saia-midi-ggt-estampa-sunset-preto-41936274665","status":"publish","type":"post","link":"https:\/\/jr1.com.br\/shopping\/2025\/08\/28\/saia-midi-ggt-estampa-sunset-preto-41936274665\/","title":{"rendered":"Saia Midi Ggt Estampa Sunset Preto &#8211; 41936274665"},"content":{"rendered":"<h2>Ropa y accesorios > Prendas de vestir > Faldas<\/h2>\n<h3>O pre\u00e7o de Saia Midi Ggt Estampa Sunset Preto no dia acima especificado era de <strong>R$ 1179.00<\/strong>.<\/h3>\n<p>Confira o pre\u00e7o atual aqui: <a href=\"https:\/\/www.mariafilo.com.br\/saia-midi-ggt-estampa-sunset-preto-est-sunset-preto---15-23859-52436\/p?idsku=119445?utm_source=awin&#038;utm_medium=aff&#038;utm_campaign=690303&#038;utm_content=u1&#038;utm_term=&#038;sv1=affiliate&#038;sv_campaign_id=690303&#038;awc=64882_1747143695_604e9a136a087f3da65a6e07584fd7f3\" target=\"_blank\" rel=\"noopener sponsored\"><img decoding=\"async\" src=\"https:\/\/ui.awin.com\/images\/upload\/merchant\/profile\/116455.png\" alt=\"Saia Midi Ggt Estampa Sunset Preto\" \/> &#8211; nas lojas  Maria Fil\u00f3 BR<\/a><\/p>\n<p><img decoding=\"async\" src=\"https:\/\/mariafilo.vteximg.com.br\/arquivos\/ids\/515656_2\" alt=\"Saia Midi Ggt Estampa Sunset Preto\" \/><br \/>\nA Saia Midi GGT Estampa Sunset Preto combina fluidez, conforto e movimento em uma pe\u00e7a que traduz o esp\u00edrito leve do ver\u00e3o. A modelagem em fluida valoriza o caimento e traz um ar sofisticado com naturalidade. Com cintura de c\u00f3s rolot\u00ea, transpar\u00eancia sutil e forro interno, \u00e9 a uni\u00e3o perfeita entre praticidade e feminilidade para os dias mais quentes. Detalhes do Produto  Saia midi estampada com camadas Estampa exclusiva Sunset Z\u00edper invis\u00edvel para ajuste confort\u00e1vel Modelagem fluida com leve transpar\u00eancia Forro interno que garante seguran\u00e7a ao vestir Tecido leve em viscose com toque macio  Dicas de Styling  Combine com regatas de al\u00e7a fina para um visual easy-chic Use com tricots texturizados para contrastar leveza e estrutura Perfeita para sand\u00e1lias naturais ou rasteiras minimalistas Crie um look monocrom\u00e1tico elegante com blusa preta Acrescente acess\u00f3rios artesanais para um toque aut\u00eantico<\/p>\n<h4>Aproveite e pesquise o pre\u00e7o deste produto em dezenas de lojas dos marketplaces abaixo:<\/h4>\n<p><a href=\"https:\/\/www.magazinevoce.com.br\/magazineezu\/busca\/Saia Midi Ggt Estampa Sunset Preto\/\" target=\"_blank\" rel=\"noopener\"><img decoding=\"async\" src=\"https:\/\/mvc.mlcdn.com.br\/ad\/2503_superofertas.png\" alt=\"Pesquise no Magazine eZu\" \/> &#8211; da Parceria MAGALU<\/a>.<\/p>\n<p>Ainda n\u00e3o encontrou a melhor op\u00e7\u00e3o de compra? Oferecemos mais uma possibilidade de <strong>busca<\/strong> mais ampla para <a href=\"https:\/\/ecompare.com.br\/lojas\/resultados-da-pesquisa\/?q=Saia Midi Ggt Estampa Sunset Preto#gsc.tab=0&amp;gsc.q=Saia Midi Ggt Estampa Sunset Preto&amp;gsc.page=1\" target=\"_blank\" rel=\"noopener\">Saia Midi Ggt Estampa Sunset Preto, clique e continue <strong>pesquisando&#8230;<\/strong><\/a><\/p>\n<hr \/>\n","protected":false},"excerpt":{"rendered":"<p>R$ 1179.00 nas lojas <a href=\"https:\/\/www.awin1.com\/pclick.php?p=41936274665&#038;a=690303&#038;m=116455\" target=\"_blank\" rel=\"sponsored\">Maria Fil\u00f3 BR<\/a><\/p>\n","protected":false},"author":1,"featured_media":0,"comment_status":"closed","ping_status":"closed","sticky":false,"template":"","format":"standard","meta":{"footnotes":""},"categories":[2],"tags":[33],"class_list":["post-37996","post","type-post","status-publish","format-standard","hentry","category-produtos","tag-maria-filo-br"],"_links":{"self":[{"href":"https:\/\/jr1.com.br\/shopping\/wp-json\/wp\/v2\/posts\/37996","targetHints":{"allow":["GET"]}}],"collection":[{"href":"https:\/\/jr1.com.br\/shopping\/wp-json\/wp\/v2\/posts"}],"about":[{"href":"https:\/\/jr1.com.br\/shopping\/wp-json\/wp\/v2\/types\/post"}],"author":[{"embeddable":true,"href":"https:\/\/jr1.com.br\/shopping\/wp-json\/wp\/v2\/users\/1"}],"replies":[{"embeddable":true,"href":"https:\/\/jr1.com.br\/shopping\/wp-json\/wp\/v2\/comments?post=37996"}],"version-history":[{"count":0,"href":"https:\/\/jr1.com.br\/shopping\/wp-json\/wp\/v2\/posts\/37996\/revisions"}],"wp:attachment":[{"href":"https:\/\/jr1.com.br\/shopping\/wp-json\/wp\/v2\/media?parent=37996"}],"wp:term":[{"taxonomy":"category","embeddable":true,"href":"https:\/\/jr1.com.br\/shopping\/wp-json\/wp\/v2\/categories?post=37996"},{"taxonomy":"post_tag","embeddable":true,"href":"https:\/\/jr1.com.br\/shopping\/wp-json\/wp\/v2\/tags?post=37996"}],"curies":[{"name":"wp","href":"https:\/\/api.w.org\/{rel}","templated":true}]}}