{"id":38053,"date":"2025-08-18T22:55:33","date_gmt":"2025-08-18T22:55:33","guid":{"rendered":"https:\/\/jr1.com.br\/shopping\/2025\/08\/18\/vestido-midi-estampa-geranio-42234186275\/"},"modified":"2025-08-18T22:55:33","modified_gmt":"2025-08-18T22:55:33","slug":"vestido-midi-estampa-geranio-42234186275","status":"publish","type":"post","link":"https:\/\/jr1.com.br\/shopping\/2025\/08\/18\/vestido-midi-estampa-geranio-42234186275\/","title":{"rendered":"Vestido Midi Estampa Ger\u00e2nio &#8211; 42234186275"},"content":{"rendered":"<h2>Ropa y accesorios > Prendas de vestir > Vestidos<\/h2>\n<h3>O pre\u00e7o de Vestido Midi Estampa Ger\u00e2nio no dia acima especificado era de <strong>R$ 979.00<\/strong>.<\/h3>\n<p>Confira o pre\u00e7o atual aqui: <a href=\"https:\/\/www.mariafilo.com.br\/vestido-midi-estampa-geranio-est-geranio---15-23956-51857\/p?idsku=116292?utm_source=awin&#038;utm_medium=aff&#038;utm_campaign=690303&#038;utm_content=u1&#038;utm_term=&#038;sv1=affiliate&#038;sv_campaign_id=690303&#038;awc=64882_1747143695_604e9a136a087f3da65a6e07584fd7f3\" target=\"_blank\" rel=\"noopener sponsored\"><img decoding=\"async\" src=\"https:\/\/ui.awin.com\/images\/upload\/merchant\/profile\/116455.png\" alt=\"Vestido Midi Estampa Ger\u00e2nio\" \/> &#8211; nas lojas  Maria Fil\u00f3 BR<\/a><\/p>\n<p><img decoding=\"async\" src=\"https:\/\/mariafilo.vteximg.com.br\/arquivos\/ids\/517920_2\" alt=\"Vestido Midi Estampa Ger\u00e2nio\" \/><br \/>\nO Vestido Midi Estampa Ger\u00e2nio traz a delicadeza natural das flores em um caimento fluido, que acompanha os movimentos com leveza e frescor. A pe\u00e7a valoriza o visual com o brilho sutil dos fios de lurex, que iluminam a estampa e real\u00e7am o esp\u00edrito easy-chic caracter\u00edstico da Maria Fil\u00f3. O detalhe drapeado no decote em V adiciona sofistica\u00e7\u00e3o \u00e0 modelagem, enquanto o el\u00e1stico nos punhos garante ajuste confort\u00e1vel e um toque de feminilidade \u00e0s mangas compridas. \u00c9 um vestido que traduz atemporalidade e leveza, perfeito para ocasi\u00f5es que pedem presen\u00e7a sem esfor\u00e7o. Detalhes do produto  Comprimento midi fluido com movimento natural Estampa floral com fios de lurex que trazem brilho delicado Decote em V com detalhe drapeado Mangas compridas com acabamento em el\u00e1stico nos punhos  Dicas de styling  Use com sand\u00e1lias rasteiras de tiras para compor um look diurno com naturalidade. Combine com um cinto de couro estruturado para marcar a cintura e valorizar a silhueta. Aposte em acess\u00f3rios dourados que dialogam com o brilho sutil do lurex.<\/p>\n<h4>Aproveite e pesquise o pre\u00e7o deste produto em dezenas de lojas dos marketplaces abaixo:<\/h4>\n<p><a href=\"https:\/\/www.magazinevoce.com.br\/magazineezu\/busca\/Vestido Midi Estampa Ger\u00e2nio\/\" target=\"_blank\" rel=\"noopener\"><img decoding=\"async\" src=\"https:\/\/mvc.mlcdn.com.br\/ad\/2503_superofertas.png\" alt=\"Pesquise no Magazine eZu\" \/> &#8211; da Parceria MAGALU<\/a>.<\/p>\n<p>Ainda n\u00e3o encontrou a melhor op\u00e7\u00e3o de compra? Oferecemos mais uma possibilidade de <strong>busca<\/strong> mais ampla para <a href=\"https:\/\/ecompare.com.br\/lojas\/resultados-da-pesquisa\/?q=Vestido Midi Estampa Ger\u00e2nio#gsc.tab=0&amp;gsc.q=Vestido Midi Estampa Ger\u00e2nio&amp;gsc.page=1\" target=\"_blank\" rel=\"noopener\">Vestido Midi Estampa Ger\u00e2nio, clique e continue <strong>pesquisando&#8230;<\/strong><\/a><\/p>\n<hr \/>\n","protected":false},"excerpt":{"rendered":"<p>R$ 979.00 nas lojas <a href=\"https:\/\/www.awin1.com\/pclick.php?p=42234186275&#038;a=690303&#038;m=116455\" target=\"_blank\" rel=\"sponsored\">Maria Fil\u00f3 BR<\/a><\/p>\n","protected":false},"author":1,"featured_media":0,"comment_status":"closed","ping_status":"closed","sticky":false,"template":"","format":"standard","meta":{"footnotes":""},"categories":[2],"tags":[33],"class_list":["post-38053","post","type-post","status-publish","format-standard","hentry","category-produtos","tag-maria-filo-br"],"_links":{"self":[{"href":"https:\/\/jr1.com.br\/shopping\/wp-json\/wp\/v2\/posts\/38053","targetHints":{"allow":["GET"]}}],"collection":[{"href":"https:\/\/jr1.com.br\/shopping\/wp-json\/wp\/v2\/posts"}],"about":[{"href":"https:\/\/jr1.com.br\/shopping\/wp-json\/wp\/v2\/types\/post"}],"author":[{"embeddable":true,"href":"https:\/\/jr1.com.br\/shopping\/wp-json\/wp\/v2\/users\/1"}],"replies":[{"embeddable":true,"href":"https:\/\/jr1.com.br\/shopping\/wp-json\/wp\/v2\/comments?post=38053"}],"version-history":[{"count":0,"href":"https:\/\/jr1.com.br\/shopping\/wp-json\/wp\/v2\/posts\/38053\/revisions"}],"wp:attachment":[{"href":"https:\/\/jr1.com.br\/shopping\/wp-json\/wp\/v2\/media?parent=38053"}],"wp:term":[{"taxonomy":"category","embeddable":true,"href":"https:\/\/jr1.com.br\/shopping\/wp-json\/wp\/v2\/categories?post=38053"},{"taxonomy":"post_tag","embeddable":true,"href":"https:\/\/jr1.com.br\/shopping\/wp-json\/wp\/v2\/tags?post=38053"}],"curies":[{"name":"wp","href":"https:\/\/api.w.org\/{rel}","templated":true}]}}